{"id":11017,"date":"2023-06-14T11:02:32","date_gmt":"2023-06-14T15:02:32","guid":{"rendered":"https:\/\/ciraig.org\/?p=11017"},"modified":"2024-10-31T09:43:06","modified_gmt":"2024-10-31T13:43:06","slug":"changement-a-la-direction-du-ciraig-2","status":"publish","type":"post","link":"https:\/\/ciraig.org\/index.php\/fr\/actualites\/changement-a-la-direction-du-ciraig-2\/","title":{"rendered":"Changement \u00e0 la direction du CIRAIG"},"content":{"rendered":"\n<p><\/p>\n\n\n\n<ul class=\"wp-block-list\">\n<li><strong>Anne-Marie Boulay <\/strong>est nomm\u00e9e\u00a0directrice g\u00e9n\u00e9rale adjointe du CIRAIG et succ\u00e8dera \u00e0 R\u00e9jean Samson<\/li>\n\n\n\n<li><strong>R\u00e9jean Samson<\/strong> prendra sa retraite le 31 d\u00e9cembre\u00a02023<\/li>\n<\/ul>\n\n\n\n<p><\/p>\n\n\n\n<p>Le CIRAIG est heureux d\u2019annoncer la nomination de la professeure\u00a0<a href=\"https:\/\/ciraig.org\/index.php\/fr\/team\/anne-marie-boulay-2\/\" target=\"_blank\" rel=\"noreferrer noopener\">Anne-Marie Boulay<\/a>\u00a0au titre de directrice g\u00e9n\u00e9rale adjointe\u00a0du Centre international de r\u00e9f\u00e9rence sur le cycle de vie des produits, proc\u00e9d\u00e9s et services (CIRAIG). Mme Boulay succ\u00e8dera \u00e0 R\u00e9jean Samson\u00a0le 1ier janvier 2024 en tant que directrice g\u00e9n\u00e9rale du CIRAIG.<\/p>\n\n\n\n<p><\/p>\n\n\n\n<p>Professeure agr\u00e9g\u00e9e&nbsp;\u00e0&nbsp;Polytechnique Montr\u00e9al, <strong>Anne-Marie Boulay<\/strong>&nbsp;est titulaire d&#8217;un&nbsp;dipl\u00f4me en G\u00e9nie Chimique de l\u2019Universit\u00e9 McGill (2006) et d&#8217;un doctorat de Polytechnique Montr\u00e9al (2013)&nbsp;sur l\u2019\u00e9valuation des impacts de l\u2019utilisation de l\u2019eau en analyse du cycle de vie. Membre du CIRAIG depuis 2008, elle est sp\u00e9cialis\u00e9e en \u00e9valuation des impacts en ACV. Elle a men\u00e9 le d\u00e9veloppement du consensus sur les m\u00e9thodologies d&#8217;empreinte eau en pr\u00e9sidant le groupe de travail <a href=\"https:\/\/wulca-waterlca.org\/\" target=\"_blank\" rel=\"noreferrer noopener\">WULCA<\/a> du Programme des Nations Unies pour l&#8217;Environnement (PNUE) et Life Cicle Initiative, et a co-fond\u00e9 en 2018 le groupe <a href=\"https:\/\/marilca.org\/\" target=\"_blank\" rel=\"noreferrer noopener\">MarILCA<\/a> (PNUE et Forum for Sustainability through Life Cycle Innovation (FSLCI)) qui d\u00e9veloppe les mod\u00e8les d&#8217;impacts des d\u00e9chets plastiques en ACV. Elle a pr\u00e9sid\u00e9 le sous-comit\u00e9 TC207\/SC5 de ISO Canada sur l&#8217;\u00e9valuation du Cycle de Vie au cours des dix derni\u00e8res ann\u00e9es.<\/p>\n","protected":false},"excerpt":{"rendered":"<p>Anne-Marie Boulay est nomm\u00e9e\u00a0directrice g\u00e9n\u00e9rale adjointe du CIRAIG et succ\u00e8dera \u00e0 R\u00e9jean Samson qui prendra sa retraite le 31 d\u00e9cembre\u00a02023.<\/p>\n","protected":false},"author":1,"featured_media":11018,"comment_status":"closed","ping_status":"open","sticky":false,"template":"","format":"standard","meta":{"footnotes":""},"categories":[890],"tags":[],"class_list":["post-11017","post","type-post","status-publish","format-standard","has-post-thumbnail","hentry","category-actualites"],"yoast_head":"<!-- This site is optimized with the Yoast SEO plugin v27.4 - https:\/\/yoast.com\/product\/yoast-seo-wordpress\/ -->\n<title>Changement \u00e0 la direction du CIRAIG - CIRAIG<\/title>\n<meta name=\"robots\" content=\"index, follow, max-snippet:-1, max-image-preview:large, max-video-preview:-1\" \/>\n<link rel=\"canonical\" href=\"https:\/\/ciraig.org\/index.php\/fr\/actualites\/changement-a-la-direction-du-ciraig-2\/\" \/>\n<meta property=\"og:locale\" content=\"en_US\" \/>\n<meta property=\"og:type\" content=\"article\" \/>\n<meta property=\"og:title\" content=\"Changement \u00e0 la direction du CIRAIG - CIRAIG\" \/>\n<meta property=\"og:description\" content=\"Anne-Marie Boulay est nomm\u00e9e\u00a0directrice g\u00e9n\u00e9rale adjointe du CIRAIG et succ\u00e8dera \u00e0 R\u00e9jean Samson qui prendra sa retraite le 31 d\u00e9cembre\u00a02023.\" \/>\n<meta property=\"og:url\" content=\"https:\/\/ciraig.org\/index.php\/fr\/actualites\/changement-a-la-direction-du-ciraig-2\/\" \/>\n<meta property=\"og:site_name\" content=\"CIRAIG\" \/>\n<meta property=\"article:publisher\" content=\"https:\/\/www.facebook.com\/CIRAIG\/\" \/>\n<meta property=\"article:published_time\" content=\"2023-06-14T15:02:32+00:00\" \/>\n<meta property=\"article:modified_time\" content=\"2024-10-31T13:43:06+00:00\" \/>\n<meta property=\"og:image\" content=\"https:\/\/ciraig.org\/wp-content\/uploads\/2d2f0c2f-7e01-d0e7-24ee-42cb1ef2998c.png\" \/>\n\t<meta property=\"og:image:width\" content=\"1123\" \/>\n\t<meta property=\"og:image:height\" content=\"634\" \/>\n\t<meta property=\"og:image:type\" content=\"image\/png\" \/>\n<meta name=\"author\" content=\"admin\" \/>\n<meta name=\"twitter:card\" content=\"summary_large_image\" \/>\n<meta name=\"twitter:creator\" content=\"@ciraig\" \/>\n<meta name=\"twitter:site\" content=\"@ciraig\" \/>\n<meta name=\"twitter:label1\" content=\"Written by\" \/>\n\t<meta name=\"twitter:data1\" content=\"admin\" \/>\n\t<meta name=\"twitter:label2\" content=\"Est. reading time\" \/>\n\t<meta name=\"twitter:data2\" content=\"2 minutes\" \/>\n<script type=\"application\/ld+json\" class=\"yoast-schema-graph\">{\"@context\":\"https:\\\/\\\/schema.org\",\"@graph\":[{\"@type\":\"Article\",\"@id\":\"https:\\\/\\\/ciraig.org\\\/index.php\\\/fr\\\/actualites\\\/changement-a-la-direction-du-ciraig-2\\\/#article\",\"isPartOf\":{\"@id\":\"https:\\\/\\\/ciraig.org\\\/index.php\\\/fr\\\/actualites\\\/changement-a-la-direction-du-ciraig-2\\\/\"},\"author\":{\"name\":\"admin\",\"@id\":\"https:\\\/\\\/ciraig.org\\\/#\\\/schema\\\/person\\\/6ac779040daf8fc32e7b41b4ec5dc71b\"},\"headline\":\"Changement \u00e0 la direction du CIRAIG\",\"datePublished\":\"2023-06-14T15:02:32+00:00\",\"dateModified\":\"2024-10-31T13:43:06+00:00\",\"mainEntityOfPage\":{\"@id\":\"https:\\\/\\\/ciraig.org\\\/index.php\\\/fr\\\/actualites\\\/changement-a-la-direction-du-ciraig-2\\\/\"},\"wordCount\":253,\"publisher\":{\"@id\":\"https:\\\/\\\/ciraig.org\\\/#organization\"},\"image\":{\"@id\":\"https:\\\/\\\/ciraig.org\\\/index.php\\\/fr\\\/actualites\\\/changement-a-la-direction-du-ciraig-2\\\/#primaryimage\"},\"thumbnailUrl\":\"https:\\\/\\\/ciraig.org\\\/wp-content\\\/uploads\\\/2d2f0c2f-7e01-d0e7-24ee-42cb1ef2998c.png\",\"articleSection\":[\"Actualit\u00e9s\"],\"inLanguage\":\"en-CA\"},{\"@type\":\"WebPage\",\"@id\":\"https:\\\/\\\/ciraig.org\\\/index.php\\\/fr\\\/actualites\\\/changement-a-la-direction-du-ciraig-2\\\/\",\"url\":\"https:\\\/\\\/ciraig.org\\\/index.php\\\/fr\\\/actualites\\\/changement-a-la-direction-du-ciraig-2\\\/\",\"name\":\"Changement \u00e0 la direction du CIRAIG - CIRAIG\",\"isPartOf\":{\"@id\":\"https:\\\/\\\/ciraig.org\\\/#website\"},\"primaryImageOfPage\":{\"@id\":\"https:\\\/\\\/ciraig.org\\\/index.php\\\/fr\\\/actualites\\\/changement-a-la-direction-du-ciraig-2\\\/#primaryimage\"},\"image\":{\"@id\":\"https:\\\/\\\/ciraig.org\\\/index.php\\\/fr\\\/actualites\\\/changement-a-la-direction-du-ciraig-2\\\/#primaryimage\"},\"thumbnailUrl\":\"https:\\\/\\\/ciraig.org\\\/wp-content\\\/uploads\\\/2d2f0c2f-7e01-d0e7-24ee-42cb1ef2998c.png\",\"datePublished\":\"2023-06-14T15:02:32+00:00\",\"dateModified\":\"2024-10-31T13:43:06+00:00\",\"breadcrumb\":{\"@id\":\"https:\\\/\\\/ciraig.org\\\/index.php\\\/fr\\\/actualites\\\/changement-a-la-direction-du-ciraig-2\\\/#breadcrumb\"},\"inLanguage\":\"en-CA\",\"potentialAction\":[{\"@type\":\"ReadAction\",\"target\":[\"https:\\\/\\\/ciraig.org\\\/index.php\\\/fr\\\/actualites\\\/changement-a-la-direction-du-ciraig-2\\\/\"]}]},{\"@type\":\"ImageObject\",\"inLanguage\":\"en-CA\",\"@id\":\"https:\\\/\\\/ciraig.org\\\/index.php\\\/fr\\\/actualites\\\/changement-a-la-direction-du-ciraig-2\\\/#primaryimage\",\"url\":\"https:\\\/\\\/ciraig.org\\\/wp-content\\\/uploads\\\/2d2f0c2f-7e01-d0e7-24ee-42cb1ef2998c.png\",\"contentUrl\":\"https:\\\/\\\/ciraig.org\\\/wp-content\\\/uploads\\\/2d2f0c2f-7e01-d0e7-24ee-42cb1ef2998c.png\",\"width\":1123,\"height\":634},{\"@type\":\"BreadcrumbList\",\"@id\":\"https:\\\/\\\/ciraig.org\\\/index.php\\\/fr\\\/actualites\\\/changement-a-la-direction-du-ciraig-2\\\/#breadcrumb\",\"itemListElement\":[{\"@type\":\"ListItem\",\"position\":1,\"name\":\"Home\",\"item\":\"https:\\\/\\\/ciraig.org\\\/\"},{\"@type\":\"ListItem\",\"position\":2,\"name\":\"Actualit\u00e9s\",\"item\":\"https:\\\/\\\/ciraig.org\\\/index.php\\\/fr\\\/category\\\/actualites\\\/\"},{\"@type\":\"ListItem\",\"position\":3,\"name\":\"Changement \u00e0 la direction du CIRAIG\"}]},{\"@type\":\"WebSite\",\"@id\":\"https:\\\/\\\/ciraig.org\\\/#website\",\"url\":\"https:\\\/\\\/ciraig.org\\\/\",\"name\":\"CIRAIG\",\"description\":\"Shaping and implementing metrics for sustainability\",\"publisher\":{\"@id\":\"https:\\\/\\\/ciraig.org\\\/#organization\"},\"potentialAction\":[{\"@type\":\"SearchAction\",\"target\":{\"@type\":\"EntryPoint\",\"urlTemplate\":\"https:\\\/\\\/ciraig.org\\\/?s={search_term_string}\"},\"query-input\":{\"@type\":\"PropertyValueSpecification\",\"valueRequired\":true,\"valueName\":\"search_term_string\"}}],\"inLanguage\":\"en-CA\"},{\"@type\":\"Organization\",\"@id\":\"https:\\\/\\\/ciraig.org\\\/#organization\",\"name\":\"CIRAIG\",\"url\":\"https:\\\/\\\/ciraig.org\\\/\",\"logo\":{\"@type\":\"ImageObject\",\"inLanguage\":\"en-CA\",\"@id\":\"https:\\\/\\\/ciraig.org\\\/#\\\/schema\\\/logo\\\/image\\\/\",\"url\":\"https:\\\/\\\/ciraig.org\\\/wp-content\\\/uploads\\\/CIRAIG_NVID_logo_RGB_no-tagline.png\",\"contentUrl\":\"https:\\\/\\\/ciraig.org\\\/wp-content\\\/uploads\\\/CIRAIG_NVID_logo_RGB_no-tagline.png\",\"width\":2722,\"height\":1547,\"caption\":\"CIRAIG\"},\"image\":{\"@id\":\"https:\\\/\\\/ciraig.org\\\/#\\\/schema\\\/logo\\\/image\\\/\"},\"sameAs\":[\"https:\\\/\\\/www.facebook.com\\\/CIRAIG\\\/\",\"https:\\\/\\\/x.com\\\/ciraig\",\"https:\\\/\\\/www.linkedin.com\\\/company\\\/ciraig\\\/\"]},{\"@type\":\"Person\",\"@id\":\"https:\\\/\\\/ciraig.org\\\/#\\\/schema\\\/person\\\/6ac779040daf8fc32e7b41b4ec5dc71b\",\"name\":\"admin\",\"image\":{\"@type\":\"ImageObject\",\"inLanguage\":\"en-CA\",\"@id\":\"https:\\\/\\\/secure.gravatar.com\\\/avatar\\\/f4e1f304a5b841ee432540678ba9c8bbda14770a8e8e982e5d9dafc18f2423db?s=96&d=mm&r=g\",\"url\":\"https:\\\/\\\/secure.gravatar.com\\\/avatar\\\/f4e1f304a5b841ee432540678ba9c8bbda14770a8e8e982e5d9dafc18f2423db?s=96&d=mm&r=g\",\"contentUrl\":\"https:\\\/\\\/secure.gravatar.com\\\/avatar\\\/f4e1f304a5b841ee432540678ba9c8bbda14770a8e8e982e5d9dafc18f2423db?s=96&d=mm&r=g\",\"caption\":\"admin\"}}]}<\/script>\n<!-- \/ Yoast SEO plugin. -->","yoast_head_json":{"title":"Changement \u00e0 la direction du CIRAIG - CIRAIG","robots":{"index":"index","follow":"follow","max-snippet":"max-snippet:-1","max-image-preview":"max-image-preview:large","max-video-preview":"max-video-preview:-1"},"canonical":"https:\/\/ciraig.org\/index.php\/fr\/actualites\/changement-a-la-direction-du-ciraig-2\/","og_locale":"en_US","og_type":"article","og_title":"Changement \u00e0 la direction du CIRAIG - CIRAIG","og_description":"Anne-Marie Boulay est nomm\u00e9e\u00a0directrice g\u00e9n\u00e9rale adjointe du CIRAIG et succ\u00e8dera \u00e0 R\u00e9jean Samson qui prendra sa retraite le 31 d\u00e9cembre\u00a02023.","og_url":"https:\/\/ciraig.org\/index.php\/fr\/actualites\/changement-a-la-direction-du-ciraig-2\/","og_site_name":"CIRAIG","article_publisher":"https:\/\/www.facebook.com\/CIRAIG\/","article_published_time":"2023-06-14T15:02:32+00:00","article_modified_time":"2024-10-31T13:43:06+00:00","og_image":[{"width":1123,"height":634,"url":"https:\/\/ciraig.org\/wp-content\/uploads\/2d2f0c2f-7e01-d0e7-24ee-42cb1ef2998c.png","type":"image\/png"}],"author":"admin","twitter_card":"summary_large_image","twitter_creator":"@ciraig","twitter_site":"@ciraig","twitter_misc":{"Written by":"admin","Est. reading time":"2 minutes"},"schema":{"@context":"https:\/\/schema.org","@graph":[{"@type":"Article","@id":"https:\/\/ciraig.org\/index.php\/fr\/actualites\/changement-a-la-direction-du-ciraig-2\/#article","isPartOf":{"@id":"https:\/\/ciraig.org\/index.php\/fr\/actualites\/changement-a-la-direction-du-ciraig-2\/"},"author":{"name":"admin","@id":"https:\/\/ciraig.org\/#\/schema\/person\/6ac779040daf8fc32e7b41b4ec5dc71b"},"headline":"Changement \u00e0 la direction du CIRAIG","datePublished":"2023-06-14T15:02:32+00:00","dateModified":"2024-10-31T13:43:06+00:00","mainEntityOfPage":{"@id":"https:\/\/ciraig.org\/index.php\/fr\/actualites\/changement-a-la-direction-du-ciraig-2\/"},"wordCount":253,"publisher":{"@id":"https:\/\/ciraig.org\/#organization"},"image":{"@id":"https:\/\/ciraig.org\/index.php\/fr\/actualites\/changement-a-la-direction-du-ciraig-2\/#primaryimage"},"thumbnailUrl":"https:\/\/ciraig.org\/wp-content\/uploads\/2d2f0c2f-7e01-d0e7-24ee-42cb1ef2998c.png","articleSection":["Actualit\u00e9s"],"inLanguage":"en-CA"},{"@type":"WebPage","@id":"https:\/\/ciraig.org\/index.php\/fr\/actualites\/changement-a-la-direction-du-ciraig-2\/","url":"https:\/\/ciraig.org\/index.php\/fr\/actualites\/changement-a-la-direction-du-ciraig-2\/","name":"Changement \u00e0 la direction du CIRAIG - CIRAIG","isPartOf":{"@id":"https:\/\/ciraig.org\/#website"},"primaryImageOfPage":{"@id":"https:\/\/ciraig.org\/index.php\/fr\/actualites\/changement-a-la-direction-du-ciraig-2\/#primaryimage"},"image":{"@id":"https:\/\/ciraig.org\/index.php\/fr\/actualites\/changement-a-la-direction-du-ciraig-2\/#primaryimage"},"thumbnailUrl":"https:\/\/ciraig.org\/wp-content\/uploads\/2d2f0c2f-7e01-d0e7-24ee-42cb1ef2998c.png","datePublished":"2023-06-14T15:02:32+00:00","dateModified":"2024-10-31T13:43:06+00:00","breadcrumb":{"@id":"https:\/\/ciraig.org\/index.php\/fr\/actualites\/changement-a-la-direction-du-ciraig-2\/#breadcrumb"},"inLanguage":"en-CA","potentialAction":[{"@type":"ReadAction","target":["https:\/\/ciraig.org\/index.php\/fr\/actualites\/changement-a-la-direction-du-ciraig-2\/"]}]},{"@type":"ImageObject","inLanguage":"en-CA","@id":"https:\/\/ciraig.org\/index.php\/fr\/actualites\/changement-a-la-direction-du-ciraig-2\/#primaryimage","url":"https:\/\/ciraig.org\/wp-content\/uploads\/2d2f0c2f-7e01-d0e7-24ee-42cb1ef2998c.png","contentUrl":"https:\/\/ciraig.org\/wp-content\/uploads\/2d2f0c2f-7e01-d0e7-24ee-42cb1ef2998c.png","width":1123,"height":634},{"@type":"BreadcrumbList","@id":"https:\/\/ciraig.org\/index.php\/fr\/actualites\/changement-a-la-direction-du-ciraig-2\/#breadcrumb","itemListElement":[{"@type":"ListItem","position":1,"name":"Home","item":"https:\/\/ciraig.org\/"},{"@type":"ListItem","position":2,"name":"Actualit\u00e9s","item":"https:\/\/ciraig.org\/index.php\/fr\/category\/actualites\/"},{"@type":"ListItem","position":3,"name":"Changement \u00e0 la direction du CIRAIG"}]},{"@type":"WebSite","@id":"https:\/\/ciraig.org\/#website","url":"https:\/\/ciraig.org\/","name":"CIRAIG","description":"Shaping and implementing metrics for sustainability","publisher":{"@id":"https:\/\/ciraig.org\/#organization"},"potentialAction":[{"@type":"SearchAction","target":{"@type":"EntryPoint","urlTemplate":"https:\/\/ciraig.org\/?s={search_term_string}"},"query-input":{"@type":"PropertyValueSpecification","valueRequired":true,"valueName":"search_term_string"}}],"inLanguage":"en-CA"},{"@type":"Organization","@id":"https:\/\/ciraig.org\/#organization","name":"CIRAIG","url":"https:\/\/ciraig.org\/","logo":{"@type":"ImageObject","inLanguage":"en-CA","@id":"https:\/\/ciraig.org\/#\/schema\/logo\/image\/","url":"https:\/\/ciraig.org\/wp-content\/uploads\/CIRAIG_NVID_logo_RGB_no-tagline.png","contentUrl":"https:\/\/ciraig.org\/wp-content\/uploads\/CIRAIG_NVID_logo_RGB_no-tagline.png","width":2722,"height":1547,"caption":"CIRAIG"},"image":{"@id":"https:\/\/ciraig.org\/#\/schema\/logo\/image\/"},"sameAs":["https:\/\/www.facebook.com\/CIRAIG\/","https:\/\/x.com\/ciraig","https:\/\/www.linkedin.com\/company\/ciraig\/"]},{"@type":"Person","@id":"https:\/\/ciraig.org\/#\/schema\/person\/6ac779040daf8fc32e7b41b4ec5dc71b","name":"admin","image":{"@type":"ImageObject","inLanguage":"en-CA","@id":"https:\/\/secure.gravatar.com\/avatar\/f4e1f304a5b841ee432540678ba9c8bbda14770a8e8e982e5d9dafc18f2423db?s=96&d=mm&r=g","url":"https:\/\/secure.gravatar.com\/avatar\/f4e1f304a5b841ee432540678ba9c8bbda14770a8e8e982e5d9dafc18f2423db?s=96&d=mm&r=g","contentUrl":"https:\/\/secure.gravatar.com\/avatar\/f4e1f304a5b841ee432540678ba9c8bbda14770a8e8e982e5d9dafc18f2423db?s=96&d=mm&r=g","caption":"admin"}}]}},"_links":{"self":[{"href":"https:\/\/ciraig.org\/index.php\/wp-json\/wp\/v2\/posts\/11017","targetHints":{"allow":["GET"]}}],"collection":[{"href":"https:\/\/ciraig.org\/index.php\/wp-json\/wp\/v2\/posts"}],"about":[{"href":"https:\/\/ciraig.org\/index.php\/wp-json\/wp\/v2\/types\/post"}],"author":[{"embeddable":true,"href":"https:\/\/ciraig.org\/index.php\/wp-json\/wp\/v2\/users\/1"}],"replies":[{"embeddable":true,"href":"https:\/\/ciraig.org\/index.php\/wp-json\/wp\/v2\/comments?post=11017"}],"version-history":[{"count":6,"href":"https:\/\/ciraig.org\/index.php\/wp-json\/wp\/v2\/posts\/11017\/revisions"}],"predecessor-version":[{"id":12126,"href":"https:\/\/ciraig.org\/index.php\/wp-json\/wp\/v2\/posts\/11017\/revisions\/12126"}],"wp:featuredmedia":[{"embeddable":true,"href":"https:\/\/ciraig.org\/index.php\/wp-json\/wp\/v2\/media\/11018"}],"wp:attachment":[{"href":"https:\/\/ciraig.org\/index.php\/wp-json\/wp\/v2\/media?parent=11017"}],"wp:term":[{"taxonomy":"category","embeddable":true,"href":"https:\/\/ciraig.org\/index.php\/wp-json\/wp\/v2\/categories?post=11017"},{"taxonomy":"post_tag","embeddable":true,"href":"https:\/\/ciraig.org\/index.php\/wp-json\/wp\/v2\/tags?post=11017"}],"curies":[{"name":"wp","href":"https:\/\/api.w.org\/{rel}","templated":true}]}}