{"id":11745,"date":"2023-11-30T10:58:43","date_gmt":"2023-11-30T15:58:43","guid":{"rendered":"https:\/\/ciraig.org\/?p=11745"},"modified":"2024-01-29T16:45:11","modified_gmt":"2024-01-29T21:45:11","slug":"mises-a-jour-de-impact-world-v2-0-et-v2-0-1","status":"publish","type":"post","link":"https:\/\/ciraig.org\/index.php\/fr\/actualites\/mises-a-jour-de-impact-world-v2-0-et-v2-0-1\/","title":{"rendered":"Mises \u00e0 jour de IMPACT World+ : v2.0 et v2.0.1"},"content":{"rendered":"\t\t<div data-elementor-type=\"wp-post\" data-elementor-id=\"11745\" class=\"elementor elementor-11745\" data-elementor-post-type=\"post\">\n\t\t\t\t\t\t<section class=\"elementor-section elementor-top-section elementor-element elementor-element-28ad2d52 elementor-section-boxed elementor-section-height-default elementor-section-height-default\" data-id=\"28ad2d52\" data-element_type=\"section\" data-e-type=\"section\">\n\t\t\t\t\t\t<div class=\"elementor-container elementor-column-gap-default\">\n\t\t\t\t\t<div class=\"elementor-column elementor-col-100 elementor-top-column elementor-element elementor-element-55fe9c45\" data-id=\"55fe9c45\" data-element_type=\"column\" data-e-type=\"column\">\n\t\t\t<div class=\"elementor-widget-wrap elementor-element-populated\">\n\t\t\t\t\t\t<div class=\"elementor-element elementor-element-68d3e7f4 elementor-widget elementor-widget-text-editor\" data-id=\"68d3e7f4\" data-element_type=\"widget\" data-e-type=\"widget\" data-widget_type=\"text-editor.default\">\n\t\t\t\t<div class=\"elementor-widget-container\">\n\t\t\t\t\t\t\t\t\t<p><\/p>\n<p>IMPACT World+ est une <strong>m\u00e9thodologie d\u2019\u00e9valuation des impacts du cycle de vie (EICV)<\/strong> <strong>r\u00e9gionalis\u00e9e \u00e0 l\u2019\u00e9chelle mondiale<\/strong> d\u00e9velopp\u00e9e au CIRAIG en collaboration avec l\u2019Universit\u00e9 Technique du Danemark (DTU). La m\u00e9thode est bas\u00e9e sur un <strong>cadre de caract\u00e9risation des impacts au niveau probl\u00e8me et dommage<\/strong> avec quatre perspectives distinctes et compl\u00e9mentaires pour pr\u00e9senter un profil d\u2019EICV : impacts orient\u00e9s probl\u00e8mes (midpoint), impacts orient\u00e9s dommages (endpoint), dommages sur la sant\u00e9 humaine et la qualit\u00e9 des \u00e9cosyst\u00e8mes, dommages li\u00e9s \u00e0 l\u2019eau et au carbone (non op\u00e9rationnalis\u00e9 pour l\u2019instant).<\/p>\n<p><\/p>\n<h2 class=\"wp-block-heading\">\u00a0<\/h2>\n<h2>IMPACT World+ version 2.0 &#8211; Une op\u00e9rationnalisation repens\u00e9e<\/h2>\n<p><\/p>\n<p dir=\"ltr\">Avec une nouvelle conception de l\u2019op\u00e9rationnalisation de IW+, la version 2.0 pr\u00e9sente une meilleure homog\u00e9n\u00e9it\u00e9 entre les indicateurs d\u2019impact et plus de coh\u00e9rence entre l\u2019<a href=\"https:\/\/doi.org\/10.1007\/s11367-019-01583-0\">article scientifique<\/a> d\u00e9crivant la m\u00e9thode et son op\u00e9rationnalisation.<\/p>\n<p dir=\"ltr\"><strong>Nouvelle conception de l\u2019op\u00e9rationnalisation<\/strong> : une m\u00e9thode automatis\u00e9e a \u00e9t\u00e9 mise en \u0153uvre pour calculer les facteurs de caract\u00e9risation (FC) et les formater dans des fichiers directement compatibles avec les diff\u00e9rents logiciels et bases de donn\u00e9es ACV, conform\u00e9ment \u00e0 la m\u00e9thodologie d\u00e9crite dans l\u2019<a href=\"https:\/\/doi.org\/10.1007\/s11367-019-01583-0\">article<\/a>.<\/p>\n<p><strong>Mise \u00e0 jour des facteurs de caract\u00e9risation<\/strong> : les impacts ont \u00e9t\u00e9 diff\u00e9renci\u00e9s selon qu\u2019ils soient\u00a0 court terme (0-100 ans) ou long terme (plus de 100 ans) de mani\u00e8re plus homog\u00e8ne.<\/p>\n<p><\/p>\n<p>Les mises \u00e0 jour sp\u00e9cifiques incluent :<\/p>\n<ul>\n<li style=\"list-style-type: none;\">\n<ul>\n<li>pour l&#8217;<em>eutrophisation marine<\/em> &#8211; de nouvelles \u00e9missions atmosph\u00e9riques ont \u00e9t\u00e9 caract\u00e9ris\u00e9es ;<\/li>\n<\/ul>\n<\/li>\n<li style=\"list-style-type: none;\">\u00a0\n<ul>\n<li>pour les <em>radiations ionisantes<\/em> &#8211; de nouvelles substances et compartiments environnementaux ont \u00e9t\u00e9 pris en compte et de nouveaux flux ont \u00e9t\u00e9 caract\u00e9ris\u00e9s ;<\/li>\n<\/ul>\n<\/li>\n<li style=\"list-style-type: none;\">\u00a0\n<ul>\n<li>pour les cat\u00e9gories d\u2019impact li\u00e9es \u00e0 la <em>toxicit\u00e9<\/em> &#8211; les FC des \u00e9missions m\u00e9talliques vers les sous-compartiments d\u2019eaux souterraines ont \u00e9t\u00e9 d\u00e9finis \u00e0 z\u00e9ro ;<\/li>\n<\/ul>\n<\/li>\n<li style=\"list-style-type: none;\">\u00a0\n<ul>\n<li>pour les cat\u00e9gories d\u2019impact li\u00e9es \u00e0 l\u2019<em>eau<\/em> &#8211; des FC r\u00e9gionalis\u00e9s ont \u00e9t\u00e9 ajout\u00e9s pour de nouvelles sous-r\u00e9gions consid\u00e9r\u00e9es dans les bases de donn\u00e9es ACV.<\/li>\n<\/ul>\n<\/li>\n<\/ul>\n<h2>\u00a0<\/h2>\n<h2>IMPACT World+ version 2.0.1 &#8211; Diff\u00e9rents niveaux d\u2019interpr\u00e9tation<\/h2>\n<p><\/p>\n<p><\/p>\n<p>La version 2.0.1 introduit plusieurs niveaux d\u2019interpr\u00e9tation des r\u00e9sultats ainsi que des facteurs de caract\u00e9risation mis \u00e0 jour pour le changement climatique (niveau probl\u00e8me).<\/p>\n<p><\/p>\n<p><strong>Trois versions d\u2019IW+ sont d\u00e9sormais disponibles pour diff\u00e9rents niveaux d\u2019interpr\u00e9tation<\/strong> :<br \/>\u00a0 \u2022 la version <em>Footprint<\/em>, une version contenant un nombre limit\u00e9 de cat\u00e9gories d\u2019impact pour une interpr\u00e9tation simplifi\u00e9e des r\u00e9sultats ;<br \/>\u00a0 \u2022 la version <em>Expert<\/em>, pour les praticiens exp\u00e9riment\u00e9s sp\u00e9cifiquement int\u00e9ress\u00e9s par les impacts au niveau dommage ;<br \/>\u00a0 \u2022 la version <em>Probl\u00e8me<\/em>, pour les praticiens exp\u00e9riment\u00e9s sp\u00e9cifiquement int\u00e9ress\u00e9s par les impacts au niveau probl\u00e8me.<\/p>\n<p><strong>Mise \u00e0 jour des facteurs de caract\u00e9risation <\/strong>: les derni\u00e8res valeurs du sixi\u00e8me rapport d\u2019\u00e9valuation du GIEC (AR6) ont \u00e9t\u00e9 incorpor\u00e9es dans les FC de l\u2019impact sur les changements climatiques au niveau probl\u00e8me. De plus, un FC pour les flux d\u2019occupation et transformation des terres \u201cunspecified\u201d a \u00e9t\u00e9 int\u00e9gr\u00e9 pour le calcul de l\u2019indicateur de l\u2019occupation et l\u2019utilisation des terres.<\/p>\n<p>\u00a0<\/p>\n<p><\/p>\n<h2 class=\"wp-block-heading\">Pour utiliser IMPACT World+<\/h2>\n<p><\/p>\n<p>Les deux versions IMPACT World+ v2.0 et v2.0.1 sont t\u00e9l\u00e9chargeables depuis notre site web sous la forme de fichiers directement utilisables dans les logiciels ACV (openLCA; SimaPro, brightway2) ou avec les bases de donn\u00e9es (ecoinvent, Exiobase). La version Footprint de IW+ v2.0.1 est \u00e9galement disponible par d\u00e9faut dans la derni\u00e8re version publi\u00e9e de ecoinvent v3.10.<\/p>\n<p><span style=\"background-color: transparent; color: #000000; font-family: Arial, sans-serif; font-size: 16pt; white-space-collapse: preserve;\">\u00a0<\/span><\/p>\n<p style=\"text-align: center;\"><span style=\"background-color: transparent; color: #000000; font-family: Arial, sans-serif; font-size: 16pt; white-space-collapse: preserve;\">Nous vous encourageons \u00e0 d\u00e9couvrir et \u00e0 int\u00e9grer ces mises \u00e0 jour dans vos travaux scientifiques !<\/span><\/p>\n<p><\/p>\t\t\t\t\t\t\t\t<\/div>\n\t\t\t\t<\/div>\n\t\t\t\t\t<\/div>\n\t\t<\/div>\n\t\t\t\t\t<\/div>\n\t\t<\/section>\n\t\t\t\t<section class=\"elementor-section elementor-top-section elementor-element elementor-element-b9059c1 elementor-section-boxed elementor-section-height-default elementor-section-height-default\" data-id=\"b9059c1\" data-element_type=\"section\" data-e-type=\"section\">\n\t\t\t\t\t\t<div class=\"elementor-container elementor-column-gap-default\">\n\t\t\t\t\t<div class=\"elementor-column elementor-col-100 elementor-top-column elementor-element elementor-element-27b5d45\" data-id=\"27b5d45\" data-element_type=\"column\" data-e-type=\"column\">\n\t\t\t<div class=\"elementor-widget-wrap elementor-element-populated\">\n\t\t\t\t\t\t<div class=\"elementor-element elementor-element-20f1221 elementor-widget elementor-widget-image\" data-id=\"20f1221\" data-element_type=\"widget\" data-e-type=\"widget\" data-widget_type=\"image.default\">\n\t\t\t\t<div class=\"elementor-widget-container\">\n\t\t\t\t\t\t\t\t\t\t\t\t\t\t\t\t<a href=\"https:\/\/www.impactworldplus.org\/\">\n\t\t\t\t\t\t\t<img fetchpriority=\"high\" decoding=\"async\" width=\"800\" height=\"125\" src=\"https:\/\/ciraig.org\/wp-content\/uploads\/IW_Logo-horizontal-3.png\" class=\"attachment-large size-large wp-image-11587\" alt=\"\" srcset=\"https:\/\/ciraig.org\/wp-content\/uploads\/IW_Logo-horizontal-3.png 815w, https:\/\/ciraig.org\/wp-content\/uploads\/IW_Logo-horizontal-3-300x47.png 300w, https:\/\/ciraig.org\/wp-content\/uploads\/IW_Logo-horizontal-3-768x120.png 768w\" sizes=\"(max-width: 800px) 100vw, 800px\" \/>\t\t\t\t\t\t\t\t<\/a>\n\t\t\t\t\t\t\t\t\t\t\t\t\t\t\t<\/div>\n\t\t\t\t<\/div>\n\t\t\t\t\t<\/div>\n\t\t<\/div>\n\t\t\t\t\t<\/div>\n\t\t<\/section>\n\t\t\t\t<\/div>\n\t\t","protected":false},"excerpt":{"rendered":"<p>Le CIRAIG a le plaisir d\u2019annoncer non seulement une, mais deux importantes mises \u00e0 jour de sa m\u00e9thode d\u2019\u00e9valuation des impacts du cycle de vie (EICV) : IMPACT World+ version 2.0 version 2.0.1 !<\/p>\n","protected":false},"author":16,"featured_media":11615,"comment_status":"closed","ping_status":"open","sticky":false,"template":"","format":"standard","meta":{"footnotes":""},"categories":[890],"tags":[],"class_list":["post-11745","post","type-post","status-publish","format-standard","has-post-thumbnail","hentry","category-actualites"],"yoast_head":"<!-- This site is optimized with the Yoast SEO plugin v27.4 - https:\/\/yoast.com\/product\/yoast-seo-wordpress\/ -->\n<title>Mises \u00e0 jour de IMPACT World+ : v2.0 et v2.0.1 - CIRAIG<\/title>\n<meta name=\"description\" content=\"CIRAIG is pleased to announce not one, but two significant updates to our life cycle impact assessment (LCIA) method IMPACT World+!\" \/>\n<meta name=\"robots\" content=\"index, follow, max-snippet:-1, max-image-preview:large, max-video-preview:-1\" \/>\n<link rel=\"canonical\" href=\"https:\/\/ciraig.org\/index.php\/fr\/actualites\/mises-a-jour-de-impact-world-v2-0-et-v2-0-1\/\" \/>\n<meta property=\"og:locale\" content=\"en_US\" \/>\n<meta property=\"og:type\" content=\"article\" \/>\n<meta property=\"og:title\" content=\"Mises \u00e0 jour de IMPACT World+ : v2.0 et v2.0.1 - CIRAIG\" \/>\n<meta property=\"og:description\" content=\"CIRAIG is pleased to announce not one, but two significant updates to our life cycle impact assessment (LCIA) method IMPACT World+!\" \/>\n<meta property=\"og:url\" content=\"https:\/\/ciraig.org\/index.php\/fr\/actualites\/mises-a-jour-de-impact-world-v2-0-et-v2-0-1\/\" \/>\n<meta property=\"og:site_name\" content=\"CIRAIG\" \/>\n<meta property=\"article:publisher\" content=\"https:\/\/www.facebook.com\/CIRAIG\/\" \/>\n<meta property=\"article:published_time\" content=\"2023-11-30T15:58:43+00:00\" \/>\n<meta property=\"article:modified_time\" content=\"2024-01-29T21:45:11+00:00\" \/>\n<meta property=\"og:image\" content=\"https:\/\/ciraig.org\/wp-content\/uploads\/Sans-titre-2.jpg\" \/>\n\t<meta property=\"og:image:width\" content=\"1600\" \/>\n\t<meta property=\"og:image:height\" content=\"900\" \/>\n\t<meta property=\"og:image:type\" content=\"image\/jpeg\" \/>\n<meta name=\"author\" content=\"Communication Committee\" \/>\n<meta name=\"twitter:card\" content=\"summary_large_image\" \/>\n<meta name=\"twitter:creator\" content=\"@ciraig\" \/>\n<meta name=\"twitter:site\" content=\"@ciraig\" \/>\n<meta name=\"twitter:label1\" content=\"Written by\" \/>\n\t<meta name=\"twitter:data1\" content=\"Communication Committee\" \/>\n\t<meta name=\"twitter:label2\" content=\"Est. reading time\" \/>\n\t<meta name=\"twitter:data2\" content=\"3 minutes\" \/>\n<script type=\"application\/ld+json\" class=\"yoast-schema-graph\">{\"@context\":\"https:\\\/\\\/schema.org\",\"@graph\":[{\"@type\":\"Article\",\"@id\":\"https:\\\/\\\/ciraig.org\\\/index.php\\\/fr\\\/actualites\\\/mises-a-jour-de-impact-world-v2-0-et-v2-0-1\\\/#article\",\"isPartOf\":{\"@id\":\"https:\\\/\\\/ciraig.org\\\/index.php\\\/fr\\\/actualites\\\/mises-a-jour-de-impact-world-v2-0-et-v2-0-1\\\/\"},\"author\":{\"name\":\"Communication Committee\",\"@id\":\"https:\\\/\\\/ciraig.org\\\/#\\\/schema\\\/person\\\/b971e5c691da712ff58e13cef67f5030\"},\"headline\":\"Mises \u00e0 jour de IMPACT World+ : v2.0 et v2.0.1\",\"datePublished\":\"2023-11-30T15:58:43+00:00\",\"dateModified\":\"2024-01-29T21:45:11+00:00\",\"mainEntityOfPage\":{\"@id\":\"https:\\\/\\\/ciraig.org\\\/index.php\\\/fr\\\/actualites\\\/mises-a-jour-de-impact-world-v2-0-et-v2-0-1\\\/\"},\"wordCount\":628,\"publisher\":{\"@id\":\"https:\\\/\\\/ciraig.org\\\/#organization\"},\"image\":{\"@id\":\"https:\\\/\\\/ciraig.org\\\/index.php\\\/fr\\\/actualites\\\/mises-a-jour-de-impact-world-v2-0-et-v2-0-1\\\/#primaryimage\"},\"thumbnailUrl\":\"https:\\\/\\\/ciraig.org\\\/wp-content\\\/uploads\\\/Sans-titre-2.jpg\",\"articleSection\":[\"Actualit\u00e9s\"],\"inLanguage\":\"en-CA\"},{\"@type\":\"WebPage\",\"@id\":\"https:\\\/\\\/ciraig.org\\\/index.php\\\/fr\\\/actualites\\\/mises-a-jour-de-impact-world-v2-0-et-v2-0-1\\\/\",\"url\":\"https:\\\/\\\/ciraig.org\\\/index.php\\\/fr\\\/actualites\\\/mises-a-jour-de-impact-world-v2-0-et-v2-0-1\\\/\",\"name\":\"Mises \u00e0 jour de IMPACT World+ : v2.0 et v2.0.1 - CIRAIG\",\"isPartOf\":{\"@id\":\"https:\\\/\\\/ciraig.org\\\/#website\"},\"primaryImageOfPage\":{\"@id\":\"https:\\\/\\\/ciraig.org\\\/index.php\\\/fr\\\/actualites\\\/mises-a-jour-de-impact-world-v2-0-et-v2-0-1\\\/#primaryimage\"},\"image\":{\"@id\":\"https:\\\/\\\/ciraig.org\\\/index.php\\\/fr\\\/actualites\\\/mises-a-jour-de-impact-world-v2-0-et-v2-0-1\\\/#primaryimage\"},\"thumbnailUrl\":\"https:\\\/\\\/ciraig.org\\\/wp-content\\\/uploads\\\/Sans-titre-2.jpg\",\"datePublished\":\"2023-11-30T15:58:43+00:00\",\"dateModified\":\"2024-01-29T21:45:11+00:00\",\"description\":\"CIRAIG is pleased to announce not one, but two significant updates to our life cycle impact assessment (LCIA) method IMPACT World+!\",\"breadcrumb\":{\"@id\":\"https:\\\/\\\/ciraig.org\\\/index.php\\\/fr\\\/actualites\\\/mises-a-jour-de-impact-world-v2-0-et-v2-0-1\\\/#breadcrumb\"},\"inLanguage\":\"en-CA\",\"potentialAction\":[{\"@type\":\"ReadAction\",\"target\":[\"https:\\\/\\\/ciraig.org\\\/index.php\\\/fr\\\/actualites\\\/mises-a-jour-de-impact-world-v2-0-et-v2-0-1\\\/\"]}]},{\"@type\":\"ImageObject\",\"inLanguage\":\"en-CA\",\"@id\":\"https:\\\/\\\/ciraig.org\\\/index.php\\\/fr\\\/actualites\\\/mises-a-jour-de-impact-world-v2-0-et-v2-0-1\\\/#primaryimage\",\"url\":\"https:\\\/\\\/ciraig.org\\\/wp-content\\\/uploads\\\/Sans-titre-2.jpg\",\"contentUrl\":\"https:\\\/\\\/ciraig.org\\\/wp-content\\\/uploads\\\/Sans-titre-2.jpg\",\"width\":1600,\"height\":900},{\"@type\":\"BreadcrumbList\",\"@id\":\"https:\\\/\\\/ciraig.org\\\/index.php\\\/fr\\\/actualites\\\/mises-a-jour-de-impact-world-v2-0-et-v2-0-1\\\/#breadcrumb\",\"itemListElement\":[{\"@type\":\"ListItem\",\"position\":1,\"name\":\"Home\",\"item\":\"https:\\\/\\\/ciraig.org\\\/\"},{\"@type\":\"ListItem\",\"position\":2,\"name\":\"Actualit\u00e9s\",\"item\":\"https:\\\/\\\/ciraig.org\\\/index.php\\\/fr\\\/category\\\/actualites\\\/\"},{\"@type\":\"ListItem\",\"position\":3,\"name\":\"Mises \u00e0 jour de IMPACT World+ : v2.0 et v2.0.1\"}]},{\"@type\":\"WebSite\",\"@id\":\"https:\\\/\\\/ciraig.org\\\/#website\",\"url\":\"https:\\\/\\\/ciraig.org\\\/\",\"name\":\"CIRAIG\",\"description\":\"Shaping and implementing metrics for sustainability\",\"publisher\":{\"@id\":\"https:\\\/\\\/ciraig.org\\\/#organization\"},\"potentialAction\":[{\"@type\":\"SearchAction\",\"target\":{\"@type\":\"EntryPoint\",\"urlTemplate\":\"https:\\\/\\\/ciraig.org\\\/?s={search_term_string}\"},\"query-input\":{\"@type\":\"PropertyValueSpecification\",\"valueRequired\":true,\"valueName\":\"search_term_string\"}}],\"inLanguage\":\"en-CA\"},{\"@type\":\"Organization\",\"@id\":\"https:\\\/\\\/ciraig.org\\\/#organization\",\"name\":\"CIRAIG\",\"url\":\"https:\\\/\\\/ciraig.org\\\/\",\"logo\":{\"@type\":\"ImageObject\",\"inLanguage\":\"en-CA\",\"@id\":\"https:\\\/\\\/ciraig.org\\\/#\\\/schema\\\/logo\\\/image\\\/\",\"url\":\"https:\\\/\\\/ciraig.org\\\/wp-content\\\/uploads\\\/CIRAIG_NVID_logo_RGB_no-tagline.png\",\"contentUrl\":\"https:\\\/\\\/ciraig.org\\\/wp-content\\\/uploads\\\/CIRAIG_NVID_logo_RGB_no-tagline.png\",\"width\":2722,\"height\":1547,\"caption\":\"CIRAIG\"},\"image\":{\"@id\":\"https:\\\/\\\/ciraig.org\\\/#\\\/schema\\\/logo\\\/image\\\/\"},\"sameAs\":[\"https:\\\/\\\/www.facebook.com\\\/CIRAIG\\\/\",\"https:\\\/\\\/x.com\\\/ciraig\",\"https:\\\/\\\/www.linkedin.com\\\/company\\\/ciraig\\\/\"]},{\"@type\":\"Person\",\"@id\":\"https:\\\/\\\/ciraig.org\\\/#\\\/schema\\\/person\\\/b971e5c691da712ff58e13cef67f5030\",\"name\":\"Communication Committee\",\"image\":{\"@type\":\"ImageObject\",\"inLanguage\":\"en-CA\",\"@id\":\"https:\\\/\\\/secure.gravatar.com\\\/avatar\\\/5815e3158465757e9c5c455758a6647c117d971379c0b28619d62ce088993e8b?s=96&d=mm&r=g\",\"url\":\"https:\\\/\\\/secure.gravatar.com\\\/avatar\\\/5815e3158465757e9c5c455758a6647c117d971379c0b28619d62ce088993e8b?s=96&d=mm&r=g\",\"contentUrl\":\"https:\\\/\\\/secure.gravatar.com\\\/avatar\\\/5815e3158465757e9c5c455758a6647c117d971379c0b28619d62ce088993e8b?s=96&d=mm&r=g\",\"caption\":\"Communication Committee\"}}]}<\/script>\n<!-- \/ Yoast SEO plugin. -->","yoast_head_json":{"title":"Mises \u00e0 jour de IMPACT World+ : v2.0 et v2.0.1 - CIRAIG","description":"CIRAIG is pleased to announce not one, but two significant updates to our life cycle impact assessment (LCIA) method IMPACT World+!","robots":{"index":"index","follow":"follow","max-snippet":"max-snippet:-1","max-image-preview":"max-image-preview:large","max-video-preview":"max-video-preview:-1"},"canonical":"https:\/\/ciraig.org\/index.php\/fr\/actualites\/mises-a-jour-de-impact-world-v2-0-et-v2-0-1\/","og_locale":"en_US","og_type":"article","og_title":"Mises \u00e0 jour de IMPACT World+ : v2.0 et v2.0.1 - CIRAIG","og_description":"CIRAIG is pleased to announce not one, but two significant updates to our life cycle impact assessment (LCIA) method IMPACT World+!","og_url":"https:\/\/ciraig.org\/index.php\/fr\/actualites\/mises-a-jour-de-impact-world-v2-0-et-v2-0-1\/","og_site_name":"CIRAIG","article_publisher":"https:\/\/www.facebook.com\/CIRAIG\/","article_published_time":"2023-11-30T15:58:43+00:00","article_modified_time":"2024-01-29T21:45:11+00:00","og_image":[{"width":1600,"height":900,"url":"https:\/\/ciraig.org\/wp-content\/uploads\/Sans-titre-2.jpg","type":"image\/jpeg"}],"author":"Communication Committee","twitter_card":"summary_large_image","twitter_creator":"@ciraig","twitter_site":"@ciraig","twitter_misc":{"Written by":"Communication Committee","Est. reading time":"3 minutes"},"schema":{"@context":"https:\/\/schema.org","@graph":[{"@type":"Article","@id":"https:\/\/ciraig.org\/index.php\/fr\/actualites\/mises-a-jour-de-impact-world-v2-0-et-v2-0-1\/#article","isPartOf":{"@id":"https:\/\/ciraig.org\/index.php\/fr\/actualites\/mises-a-jour-de-impact-world-v2-0-et-v2-0-1\/"},"author":{"name":"Communication Committee","@id":"https:\/\/ciraig.org\/#\/schema\/person\/b971e5c691da712ff58e13cef67f5030"},"headline":"Mises \u00e0 jour de IMPACT World+ : v2.0 et v2.0.1","datePublished":"2023-11-30T15:58:43+00:00","dateModified":"2024-01-29T21:45:11+00:00","mainEntityOfPage":{"@id":"https:\/\/ciraig.org\/index.php\/fr\/actualites\/mises-a-jour-de-impact-world-v2-0-et-v2-0-1\/"},"wordCount":628,"publisher":{"@id":"https:\/\/ciraig.org\/#organization"},"image":{"@id":"https:\/\/ciraig.org\/index.php\/fr\/actualites\/mises-a-jour-de-impact-world-v2-0-et-v2-0-1\/#primaryimage"},"thumbnailUrl":"https:\/\/ciraig.org\/wp-content\/uploads\/Sans-titre-2.jpg","articleSection":["Actualit\u00e9s"],"inLanguage":"en-CA"},{"@type":"WebPage","@id":"https:\/\/ciraig.org\/index.php\/fr\/actualites\/mises-a-jour-de-impact-world-v2-0-et-v2-0-1\/","url":"https:\/\/ciraig.org\/index.php\/fr\/actualites\/mises-a-jour-de-impact-world-v2-0-et-v2-0-1\/","name":"Mises \u00e0 jour de IMPACT World+ : v2.0 et v2.0.1 - CIRAIG","isPartOf":{"@id":"https:\/\/ciraig.org\/#website"},"primaryImageOfPage":{"@id":"https:\/\/ciraig.org\/index.php\/fr\/actualites\/mises-a-jour-de-impact-world-v2-0-et-v2-0-1\/#primaryimage"},"image":{"@id":"https:\/\/ciraig.org\/index.php\/fr\/actualites\/mises-a-jour-de-impact-world-v2-0-et-v2-0-1\/#primaryimage"},"thumbnailUrl":"https:\/\/ciraig.org\/wp-content\/uploads\/Sans-titre-2.jpg","datePublished":"2023-11-30T15:58:43+00:00","dateModified":"2024-01-29T21:45:11+00:00","description":"CIRAIG is pleased to announce not one, but two significant updates to our life cycle impact assessment (LCIA) method IMPACT World+!","breadcrumb":{"@id":"https:\/\/ciraig.org\/index.php\/fr\/actualites\/mises-a-jour-de-impact-world-v2-0-et-v2-0-1\/#breadcrumb"},"inLanguage":"en-CA","potentialAction":[{"@type":"ReadAction","target":["https:\/\/ciraig.org\/index.php\/fr\/actualites\/mises-a-jour-de-impact-world-v2-0-et-v2-0-1\/"]}]},{"@type":"ImageObject","inLanguage":"en-CA","@id":"https:\/\/ciraig.org\/index.php\/fr\/actualites\/mises-a-jour-de-impact-world-v2-0-et-v2-0-1\/#primaryimage","url":"https:\/\/ciraig.org\/wp-content\/uploads\/Sans-titre-2.jpg","contentUrl":"https:\/\/ciraig.org\/wp-content\/uploads\/Sans-titre-2.jpg","width":1600,"height":900},{"@type":"BreadcrumbList","@id":"https:\/\/ciraig.org\/index.php\/fr\/actualites\/mises-a-jour-de-impact-world-v2-0-et-v2-0-1\/#breadcrumb","itemListElement":[{"@type":"ListItem","position":1,"name":"Home","item":"https:\/\/ciraig.org\/"},{"@type":"ListItem","position":2,"name":"Actualit\u00e9s","item":"https:\/\/ciraig.org\/index.php\/fr\/category\/actualites\/"},{"@type":"ListItem","position":3,"name":"Mises \u00e0 jour de IMPACT World+ : v2.0 et v2.0.1"}]},{"@type":"WebSite","@id":"https:\/\/ciraig.org\/#website","url":"https:\/\/ciraig.org\/","name":"CIRAIG","description":"Shaping and implementing metrics for sustainability","publisher":{"@id":"https:\/\/ciraig.org\/#organization"},"potentialAction":[{"@type":"SearchAction","target":{"@type":"EntryPoint","urlTemplate":"https:\/\/ciraig.org\/?s={search_term_string}"},"query-input":{"@type":"PropertyValueSpecification","valueRequired":true,"valueName":"search_term_string"}}],"inLanguage":"en-CA"},{"@type":"Organization","@id":"https:\/\/ciraig.org\/#organization","name":"CIRAIG","url":"https:\/\/ciraig.org\/","logo":{"@type":"ImageObject","inLanguage":"en-CA","@id":"https:\/\/ciraig.org\/#\/schema\/logo\/image\/","url":"https:\/\/ciraig.org\/wp-content\/uploads\/CIRAIG_NVID_logo_RGB_no-tagline.png","contentUrl":"https:\/\/ciraig.org\/wp-content\/uploads\/CIRAIG_NVID_logo_RGB_no-tagline.png","width":2722,"height":1547,"caption":"CIRAIG"},"image":{"@id":"https:\/\/ciraig.org\/#\/schema\/logo\/image\/"},"sameAs":["https:\/\/www.facebook.com\/CIRAIG\/","https:\/\/x.com\/ciraig","https:\/\/www.linkedin.com\/company\/ciraig\/"]},{"@type":"Person","@id":"https:\/\/ciraig.org\/#\/schema\/person\/b971e5c691da712ff58e13cef67f5030","name":"Communication Committee","image":{"@type":"ImageObject","inLanguage":"en-CA","@id":"https:\/\/secure.gravatar.com\/avatar\/5815e3158465757e9c5c455758a6647c117d971379c0b28619d62ce088993e8b?s=96&d=mm&r=g","url":"https:\/\/secure.gravatar.com\/avatar\/5815e3158465757e9c5c455758a6647c117d971379c0b28619d62ce088993e8b?s=96&d=mm&r=g","contentUrl":"https:\/\/secure.gravatar.com\/avatar\/5815e3158465757e9c5c455758a6647c117d971379c0b28619d62ce088993e8b?s=96&d=mm&r=g","caption":"Communication Committee"}}]}},"_links":{"self":[{"href":"https:\/\/ciraig.org\/index.php\/wp-json\/wp\/v2\/posts\/11745","targetHints":{"allow":["GET"]}}],"collection":[{"href":"https:\/\/ciraig.org\/index.php\/wp-json\/wp\/v2\/posts"}],"about":[{"href":"https:\/\/ciraig.org\/index.php\/wp-json\/wp\/v2\/types\/post"}],"author":[{"embeddable":true,"href":"https:\/\/ciraig.org\/index.php\/wp-json\/wp\/v2\/users\/16"}],"replies":[{"embeddable":true,"href":"https:\/\/ciraig.org\/index.php\/wp-json\/wp\/v2\/comments?post=11745"}],"version-history":[{"count":15,"href":"https:\/\/ciraig.org\/index.php\/wp-json\/wp\/v2\/posts\/11745\/revisions"}],"predecessor-version":[{"id":11769,"href":"https:\/\/ciraig.org\/index.php\/wp-json\/wp\/v2\/posts\/11745\/revisions\/11769"}],"wp:featuredmedia":[{"embeddable":true,"href":"https:\/\/ciraig.org\/index.php\/wp-json\/wp\/v2\/media\/11615"}],"wp:attachment":[{"href":"https:\/\/ciraig.org\/index.php\/wp-json\/wp\/v2\/media?parent=11745"}],"wp:term":[{"taxonomy":"category","embeddable":true,"href":"https:\/\/ciraig.org\/index.php\/wp-json\/wp\/v2\/categories?post=11745"},{"taxonomy":"post_tag","embeddable":true,"href":"https:\/\/ciraig.org\/index.php\/wp-json\/wp\/v2\/tags?post=11745"}],"curies":[{"name":"wp","href":"https:\/\/api.w.org\/{rel}","templated":true}]}}