{"id":7562,"date":"2021-07-22T15:34:00","date_gmt":"2021-07-22T19:34:00","guid":{"rendered":"https:\/\/ciraig.org\/?p=7562"},"modified":"2021-08-05T15:36:16","modified_gmt":"2021-08-05T19:36:16","slug":"devoilement-du-reseau-des-anciens-du-ciraig","status":"publish","type":"post","link":"https:\/\/ciraig.org\/index.php\/fr\/actualites\/devoilement-du-reseau-des-anciens-du-ciraig\/","title":{"rendered":"D\u00e9voilement du r\u00e9seau des anciens du CIRAIG"},"content":{"rendered":"\n<p>C&#8217;est avec beaucoup de plaisir que nous vous invitons \u00e0 rejoindre notre tout nouveau\u00a0<strong><a href=\"https:\/\/ciraig.org\/index.php\/fr\/reseau-des-anciens\/\" target=\"_blank\" rel=\"noreferrer noopener\">R\u00e9seau des anciens du\u00a0CIRAIG<\/a>.\u00a0<\/strong><\/p>\n\n\n\n<p>Le R\u00e9seau des Ancien\u00b7nes du\u00a0CIRAIG\u00a0est une communaut\u00e9 permettant de renouer avec d&#8217;ancien\u00b7nes coll\u00e8gues ayant fait partie du\u00a0CIRAIG\u00a0\u00e0 tout moment depuis sa cr\u00e9ation en 2001. L\u2019ensemble des dipl\u00f4m\u00e9s et dipl\u00f4m\u00e9es du doctorat et de la ma\u00eetrise, des stagiaires, des analystes et des professeurs et professeures sont les invit\u00e9\u00b7es \u00e0 \u00e9changer avec la communaut\u00e9 et \u00e0 participer \u00e0 nos \u00e9v\u00e9nements.<\/p>\n\n\n\n<p>Apr\u00e8s 20 ans, 3 chaires de recherche, et de nombreux \u00e9tudiants et \u00e9tudiantes, analystes et\u00a0 professeurs et professeures, le\u00a0CIRAIG\u00a0a une longue lign\u00e9e de personnes qui ont fa\u00e7onn\u00e9 sa mission et ses valeurs au fil des ans. Que vous ayez \u00e9tudi\u00e9 ou travaill\u00e9 au\u00a0CIRAIG, vous savez qu&#8217;il existe une culture communautaire particuli\u00e8re, propre au groupe, qui se transmet au fil des ans. La culture du\u00a0CIRAIG\u00a0se renforce avec le temps, m\u00eame si le personnel change et \u00e9volue. \u00a0 Les personnes qui sont pass\u00e9es par le\u00a0CIRAIG\u00a0deviennent ensuite des citoyens actifs et des citoyennes actives dans le monde et contribuent souvent \u00e0 relever les d\u00e9fis du d\u00e9veloppement durable de diff\u00e9rentes mani\u00e8res.<\/p>\n\n\n\n<p>Alors que nous c\u00e9l\u00e9brons nos 20 ans et r\u00e9fl\u00e9chissons \u00e0 toutes les personnes qui ont contribu\u00e9 au&nbsp;CIRAIG, nous avons pens\u00e9 \u00e0 cr\u00e9er un espace pour que nous puissions tous nous retrouver. Un espace pour garder des liens forts avec d&#8217;ancien\u00b7nes coll\u00e8gues et pour que le&nbsp;CIRAIG&nbsp;redonne \u00e0 sa communaut\u00e9. En tant qu&#8217;Ancien\u00b7ne, ce r\u00e9seau sera l&#8217;occasion de retrouver de vieux amis et amies, d&#8217;apprendre des experts et expertes et de collaborer avec de nouvelles relations. &nbsp;<\/p>\n\n\n\n<p>Le R\u00e9seau des Ancien\u00b7nes du&nbsp;CIRAIG&nbsp;est une communaut\u00e9 d&#8217;anciens ciraigaulois et d\u2019anciennes ciraigauloises qui permet de se reconnecter les un\u00b7es aux autres, de se tenir au courant des recherches actuelles du&nbsp;CIRAIG, et un espace pour cultiver des \u00e9changes riches pour une transition durable.&nbsp;<\/p>\n\n\n\n<p>Pour rejoindre la communaut\u00e9, veuillez vous rendre sur\u00a0<a href=\"https:\/\/ciraig.org\/index.php\/fr\/reseau-des-anciens\/\" target=\"_blank\" rel=\"noreferrer noopener\">la page d&#8217;accueil du r\u00e9seau des ancien\u00b7nes<\/a>\u00a0et remplissez le formulaire de candidature. Vous serez ensuite ajout\u00e9\u00b7e \u00e0 la liste de diffusion sp\u00e9ciale des ancien\u00b7nes et invit\u00e9\u00b7e \u00e0 notre groupe Facebook priv\u00e9.\u00a0<\/p>\n\n\n\n<p><br><strong><a href=\"https:\/\/ciraig.org\/index.php\/fr\/reseau-des-anciens\/\" target=\"_blank\" rel=\"noreferrer noopener\">>>\u00a0Remplir le formulaire de demande<\/a><\/strong><\/p>\n","protected":false},"excerpt":{"rendered":"<p>C&#8217;est avec beaucoup de plaisir que nous vous invitons \u00e0 rejoindre notre tout nouveau\u00a0R\u00e9seau des anciens du\u00a0CIRAIG.\u00a0 Le R\u00e9seau des Ancien\u00b7nes du\u00a0CIRAIG\u00a0est une communaut\u00e9 permettant de renouer avec d&#8217;ancien\u00b7nes coll\u00e8gues ayant fait partie du\u00a0CIRAIG\u00a0\u00e0 tout moment depuis sa cr\u00e9ation en 2001. L\u2019ensemble des dipl\u00f4m\u00e9s et dipl\u00f4m\u00e9es du doctorat et de la ma\u00eetrise, des stagiaires, des [&hellip;]<\/p>\n","protected":false},"author":1,"featured_media":7507,"comment_status":"open","ping_status":"open","sticky":false,"template":"","format":"standard","meta":{"footnotes":""},"categories":[890],"tags":[],"class_list":["post-7562","post","type-post","status-publish","format-standard","has-post-thumbnail","hentry","category-actualites"],"yoast_head":"<!-- This site is optimized with the Yoast SEO plugin v27.4 - https:\/\/yoast.com\/product\/yoast-seo-wordpress\/ -->\n<title>D\u00e9voilement du r\u00e9seau des anciens du CIRAIG - CIRAIG<\/title>\n<meta name=\"robots\" content=\"index, follow, max-snippet:-1, max-image-preview:large, max-video-preview:-1\" \/>\n<link rel=\"canonical\" href=\"https:\/\/ciraig.org\/index.php\/fr\/actualites\/devoilement-du-reseau-des-anciens-du-ciraig\/\" \/>\n<meta property=\"og:locale\" content=\"en_US\" \/>\n<meta property=\"og:type\" content=\"article\" \/>\n<meta property=\"og:title\" content=\"D\u00e9voilement du r\u00e9seau des anciens du CIRAIG - CIRAIG\" \/>\n<meta property=\"og:description\" content=\"C&#8217;est avec beaucoup de plaisir que nous vous invitons \u00e0 rejoindre notre tout nouveau\u00a0R\u00e9seau des anciens du\u00a0CIRAIG.\u00a0 Le R\u00e9seau des Ancien\u00b7nes du\u00a0CIRAIG\u00a0est une communaut\u00e9 permettant de renouer avec d&#8217;ancien\u00b7nes coll\u00e8gues ayant fait partie du\u00a0CIRAIG\u00a0\u00e0 tout moment depuis sa cr\u00e9ation en 2001. L\u2019ensemble des dipl\u00f4m\u00e9s et dipl\u00f4m\u00e9es du doctorat et de la ma\u00eetrise, des stagiaires, des [&hellip;]\" \/>\n<meta property=\"og:url\" content=\"https:\/\/ciraig.org\/index.php\/fr\/actualites\/devoilement-du-reseau-des-anciens-du-ciraig\/\" \/>\n<meta property=\"og:site_name\" content=\"CIRAIG\" \/>\n<meta property=\"article:publisher\" content=\"https:\/\/www.facebook.com\/CIRAIG\/\" \/>\n<meta property=\"article:published_time\" content=\"2021-07-22T19:34:00+00:00\" \/>\n<meta property=\"article:modified_time\" content=\"2021-08-05T19:36:16+00:00\" \/>\n<meta property=\"og:image\" content=\"https:\/\/ciraig.org\/wp-content\/uploads\/Open-Graph-Image-Alumni.png\" \/>\n\t<meta property=\"og:image:width\" content=\"1200\" \/>\n\t<meta property=\"og:image:height\" content=\"627\" \/>\n\t<meta property=\"og:image:type\" content=\"image\/png\" \/>\n<meta name=\"author\" content=\"admin\" \/>\n<meta name=\"twitter:card\" content=\"summary_large_image\" \/>\n<meta name=\"twitter:creator\" content=\"@ciraig\" \/>\n<meta name=\"twitter:site\" content=\"@ciraig\" \/>\n<meta name=\"twitter:label1\" content=\"Written by\" \/>\n\t<meta name=\"twitter:data1\" content=\"admin\" \/>\n\t<meta name=\"twitter:label2\" content=\"Est. reading time\" \/>\n\t<meta name=\"twitter:data2\" content=\"2 minutes\" \/>\n<script type=\"application\/ld+json\" class=\"yoast-schema-graph\">{\"@context\":\"https:\\\/\\\/schema.org\",\"@graph\":[{\"@type\":\"Article\",\"@id\":\"https:\\\/\\\/ciraig.org\\\/index.php\\\/fr\\\/actualites\\\/devoilement-du-reseau-des-anciens-du-ciraig\\\/#article\",\"isPartOf\":{\"@id\":\"https:\\\/\\\/ciraig.org\\\/index.php\\\/fr\\\/actualites\\\/devoilement-du-reseau-des-anciens-du-ciraig\\\/\"},\"author\":{\"name\":\"admin\",\"@id\":\"https:\\\/\\\/ciraig.org\\\/#\\\/schema\\\/person\\\/6ac779040daf8fc32e7b41b4ec5dc71b\"},\"headline\":\"D\u00e9voilement du r\u00e9seau des anciens du CIRAIG\",\"datePublished\":\"2021-07-22T19:34:00+00:00\",\"dateModified\":\"2021-08-05T19:36:16+00:00\",\"mainEntityOfPage\":{\"@id\":\"https:\\\/\\\/ciraig.org\\\/index.php\\\/fr\\\/actualites\\\/devoilement-du-reseau-des-anciens-du-ciraig\\\/\"},\"wordCount\":415,\"commentCount\":0,\"publisher\":{\"@id\":\"https:\\\/\\\/ciraig.org\\\/#organization\"},\"image\":{\"@id\":\"https:\\\/\\\/ciraig.org\\\/index.php\\\/fr\\\/actualites\\\/devoilement-du-reseau-des-anciens-du-ciraig\\\/#primaryimage\"},\"thumbnailUrl\":\"https:\\\/\\\/ciraig.org\\\/wp-content\\\/uploads\\\/Open-Graph-Image-Alumni.png\",\"articleSection\":[\"Actualit\u00e9s\"],\"inLanguage\":\"en-CA\",\"potentialAction\":[{\"@type\":\"CommentAction\",\"name\":\"Comment\",\"target\":[\"https:\\\/\\\/ciraig.org\\\/index.php\\\/fr\\\/actualites\\\/devoilement-du-reseau-des-anciens-du-ciraig\\\/#respond\"]}]},{\"@type\":\"WebPage\",\"@id\":\"https:\\\/\\\/ciraig.org\\\/index.php\\\/fr\\\/actualites\\\/devoilement-du-reseau-des-anciens-du-ciraig\\\/\",\"url\":\"https:\\\/\\\/ciraig.org\\\/index.php\\\/fr\\\/actualites\\\/devoilement-du-reseau-des-anciens-du-ciraig\\\/\",\"name\":\"D\u00e9voilement du r\u00e9seau des anciens du CIRAIG - CIRAIG\",\"isPartOf\":{\"@id\":\"https:\\\/\\\/ciraig.org\\\/#website\"},\"primaryImageOfPage\":{\"@id\":\"https:\\\/\\\/ciraig.org\\\/index.php\\\/fr\\\/actualites\\\/devoilement-du-reseau-des-anciens-du-ciraig\\\/#primaryimage\"},\"image\":{\"@id\":\"https:\\\/\\\/ciraig.org\\\/index.php\\\/fr\\\/actualites\\\/devoilement-du-reseau-des-anciens-du-ciraig\\\/#primaryimage\"},\"thumbnailUrl\":\"https:\\\/\\\/ciraig.org\\\/wp-content\\\/uploads\\\/Open-Graph-Image-Alumni.png\",\"datePublished\":\"2021-07-22T19:34:00+00:00\",\"dateModified\":\"2021-08-05T19:36:16+00:00\",\"breadcrumb\":{\"@id\":\"https:\\\/\\\/ciraig.org\\\/index.php\\\/fr\\\/actualites\\\/devoilement-du-reseau-des-anciens-du-ciraig\\\/#breadcrumb\"},\"inLanguage\":\"en-CA\",\"potentialAction\":[{\"@type\":\"ReadAction\",\"target\":[\"https:\\\/\\\/ciraig.org\\\/index.php\\\/fr\\\/actualites\\\/devoilement-du-reseau-des-anciens-du-ciraig\\\/\"]}]},{\"@type\":\"ImageObject\",\"inLanguage\":\"en-CA\",\"@id\":\"https:\\\/\\\/ciraig.org\\\/index.php\\\/fr\\\/actualites\\\/devoilement-du-reseau-des-anciens-du-ciraig\\\/#primaryimage\",\"url\":\"https:\\\/\\\/ciraig.org\\\/wp-content\\\/uploads\\\/Open-Graph-Image-Alumni.png\",\"contentUrl\":\"https:\\\/\\\/ciraig.org\\\/wp-content\\\/uploads\\\/Open-Graph-Image-Alumni.png\",\"width\":1200,\"height\":627},{\"@type\":\"BreadcrumbList\",\"@id\":\"https:\\\/\\\/ciraig.org\\\/index.php\\\/fr\\\/actualites\\\/devoilement-du-reseau-des-anciens-du-ciraig\\\/#breadcrumb\",\"itemListElement\":[{\"@type\":\"ListItem\",\"position\":1,\"name\":\"Home\",\"item\":\"https:\\\/\\\/ciraig.org\\\/\"},{\"@type\":\"ListItem\",\"position\":2,\"name\":\"Actualit\u00e9s\",\"item\":\"https:\\\/\\\/ciraig.org\\\/index.php\\\/fr\\\/category\\\/actualites\\\/\"},{\"@type\":\"ListItem\",\"position\":3,\"name\":\"D\u00e9voilement du r\u00e9seau des anciens du CIRAIG\"}]},{\"@type\":\"WebSite\",\"@id\":\"https:\\\/\\\/ciraig.org\\\/#website\",\"url\":\"https:\\\/\\\/ciraig.org\\\/\",\"name\":\"CIRAIG\",\"description\":\"Shaping and implementing metrics for sustainability\",\"publisher\":{\"@id\":\"https:\\\/\\\/ciraig.org\\\/#organization\"},\"potentialAction\":[{\"@type\":\"SearchAction\",\"target\":{\"@type\":\"EntryPoint\",\"urlTemplate\":\"https:\\\/\\\/ciraig.org\\\/?s={search_term_string}\"},\"query-input\":{\"@type\":\"PropertyValueSpecification\",\"valueRequired\":true,\"valueName\":\"search_term_string\"}}],\"inLanguage\":\"en-CA\"},{\"@type\":\"Organization\",\"@id\":\"https:\\\/\\\/ciraig.org\\\/#organization\",\"name\":\"CIRAIG\",\"url\":\"https:\\\/\\\/ciraig.org\\\/\",\"logo\":{\"@type\":\"ImageObject\",\"inLanguage\":\"en-CA\",\"@id\":\"https:\\\/\\\/ciraig.org\\\/#\\\/schema\\\/logo\\\/image\\\/\",\"url\":\"https:\\\/\\\/ciraig.org\\\/wp-content\\\/uploads\\\/CIRAIG_NVID_logo_RGB_no-tagline.png\",\"contentUrl\":\"https:\\\/\\\/ciraig.org\\\/wp-content\\\/uploads\\\/CIRAIG_NVID_logo_RGB_no-tagline.png\",\"width\":2722,\"height\":1547,\"caption\":\"CIRAIG\"},\"image\":{\"@id\":\"https:\\\/\\\/ciraig.org\\\/#\\\/schema\\\/logo\\\/image\\\/\"},\"sameAs\":[\"https:\\\/\\\/www.facebook.com\\\/CIRAIG\\\/\",\"https:\\\/\\\/x.com\\\/ciraig\",\"https:\\\/\\\/www.linkedin.com\\\/company\\\/ciraig\\\/\"]},{\"@type\":\"Person\",\"@id\":\"https:\\\/\\\/ciraig.org\\\/#\\\/schema\\\/person\\\/6ac779040daf8fc32e7b41b4ec5dc71b\",\"name\":\"admin\",\"image\":{\"@type\":\"ImageObject\",\"inLanguage\":\"en-CA\",\"@id\":\"https:\\\/\\\/secure.gravatar.com\\\/avatar\\\/f4e1f304a5b841ee432540678ba9c8bbda14770a8e8e982e5d9dafc18f2423db?s=96&d=mm&r=g\",\"url\":\"https:\\\/\\\/secure.gravatar.com\\\/avatar\\\/f4e1f304a5b841ee432540678ba9c8bbda14770a8e8e982e5d9dafc18f2423db?s=96&d=mm&r=g\",\"contentUrl\":\"https:\\\/\\\/secure.gravatar.com\\\/avatar\\\/f4e1f304a5b841ee432540678ba9c8bbda14770a8e8e982e5d9dafc18f2423db?s=96&d=mm&r=g\",\"caption\":\"admin\"}}]}<\/script>\n<!-- \/ Yoast SEO plugin. -->","yoast_head_json":{"title":"D\u00e9voilement du r\u00e9seau des anciens du CIRAIG - CIRAIG","robots":{"index":"index","follow":"follow","max-snippet":"max-snippet:-1","max-image-preview":"max-image-preview:large","max-video-preview":"max-video-preview:-1"},"canonical":"https:\/\/ciraig.org\/index.php\/fr\/actualites\/devoilement-du-reseau-des-anciens-du-ciraig\/","og_locale":"en_US","og_type":"article","og_title":"D\u00e9voilement du r\u00e9seau des anciens du CIRAIG - CIRAIG","og_description":"C&#8217;est avec beaucoup de plaisir que nous vous invitons \u00e0 rejoindre notre tout nouveau\u00a0R\u00e9seau des anciens du\u00a0CIRAIG.\u00a0 Le R\u00e9seau des Ancien\u00b7nes du\u00a0CIRAIG\u00a0est une communaut\u00e9 permettant de renouer avec d&#8217;ancien\u00b7nes coll\u00e8gues ayant fait partie du\u00a0CIRAIG\u00a0\u00e0 tout moment depuis sa cr\u00e9ation en 2001. L\u2019ensemble des dipl\u00f4m\u00e9s et dipl\u00f4m\u00e9es du doctorat et de la ma\u00eetrise, des stagiaires, des [&hellip;]","og_url":"https:\/\/ciraig.org\/index.php\/fr\/actualites\/devoilement-du-reseau-des-anciens-du-ciraig\/","og_site_name":"CIRAIG","article_publisher":"https:\/\/www.facebook.com\/CIRAIG\/","article_published_time":"2021-07-22T19:34:00+00:00","article_modified_time":"2021-08-05T19:36:16+00:00","og_image":[{"width":1200,"height":627,"url":"https:\/\/ciraig.org\/wp-content\/uploads\/Open-Graph-Image-Alumni.png","type":"image\/png"}],"author":"admin","twitter_card":"summary_large_image","twitter_creator":"@ciraig","twitter_site":"@ciraig","twitter_misc":{"Written by":"admin","Est. reading time":"2 minutes"},"schema":{"@context":"https:\/\/schema.org","@graph":[{"@type":"Article","@id":"https:\/\/ciraig.org\/index.php\/fr\/actualites\/devoilement-du-reseau-des-anciens-du-ciraig\/#article","isPartOf":{"@id":"https:\/\/ciraig.org\/index.php\/fr\/actualites\/devoilement-du-reseau-des-anciens-du-ciraig\/"},"author":{"name":"admin","@id":"https:\/\/ciraig.org\/#\/schema\/person\/6ac779040daf8fc32e7b41b4ec5dc71b"},"headline":"D\u00e9voilement du r\u00e9seau des anciens du CIRAIG","datePublished":"2021-07-22T19:34:00+00:00","dateModified":"2021-08-05T19:36:16+00:00","mainEntityOfPage":{"@id":"https:\/\/ciraig.org\/index.php\/fr\/actualites\/devoilement-du-reseau-des-anciens-du-ciraig\/"},"wordCount":415,"commentCount":0,"publisher":{"@id":"https:\/\/ciraig.org\/#organization"},"image":{"@id":"https:\/\/ciraig.org\/index.php\/fr\/actualites\/devoilement-du-reseau-des-anciens-du-ciraig\/#primaryimage"},"thumbnailUrl":"https:\/\/ciraig.org\/wp-content\/uploads\/Open-Graph-Image-Alumni.png","articleSection":["Actualit\u00e9s"],"inLanguage":"en-CA","potentialAction":[{"@type":"CommentAction","name":"Comment","target":["https:\/\/ciraig.org\/index.php\/fr\/actualites\/devoilement-du-reseau-des-anciens-du-ciraig\/#respond"]}]},{"@type":"WebPage","@id":"https:\/\/ciraig.org\/index.php\/fr\/actualites\/devoilement-du-reseau-des-anciens-du-ciraig\/","url":"https:\/\/ciraig.org\/index.php\/fr\/actualites\/devoilement-du-reseau-des-anciens-du-ciraig\/","name":"D\u00e9voilement du r\u00e9seau des anciens du CIRAIG - CIRAIG","isPartOf":{"@id":"https:\/\/ciraig.org\/#website"},"primaryImageOfPage":{"@id":"https:\/\/ciraig.org\/index.php\/fr\/actualites\/devoilement-du-reseau-des-anciens-du-ciraig\/#primaryimage"},"image":{"@id":"https:\/\/ciraig.org\/index.php\/fr\/actualites\/devoilement-du-reseau-des-anciens-du-ciraig\/#primaryimage"},"thumbnailUrl":"https:\/\/ciraig.org\/wp-content\/uploads\/Open-Graph-Image-Alumni.png","datePublished":"2021-07-22T19:34:00+00:00","dateModified":"2021-08-05T19:36:16+00:00","breadcrumb":{"@id":"https:\/\/ciraig.org\/index.php\/fr\/actualites\/devoilement-du-reseau-des-anciens-du-ciraig\/#breadcrumb"},"inLanguage":"en-CA","potentialAction":[{"@type":"ReadAction","target":["https:\/\/ciraig.org\/index.php\/fr\/actualites\/devoilement-du-reseau-des-anciens-du-ciraig\/"]}]},{"@type":"ImageObject","inLanguage":"en-CA","@id":"https:\/\/ciraig.org\/index.php\/fr\/actualites\/devoilement-du-reseau-des-anciens-du-ciraig\/#primaryimage","url":"https:\/\/ciraig.org\/wp-content\/uploads\/Open-Graph-Image-Alumni.png","contentUrl":"https:\/\/ciraig.org\/wp-content\/uploads\/Open-Graph-Image-Alumni.png","width":1200,"height":627},{"@type":"BreadcrumbList","@id":"https:\/\/ciraig.org\/index.php\/fr\/actualites\/devoilement-du-reseau-des-anciens-du-ciraig\/#breadcrumb","itemListElement":[{"@type":"ListItem","position":1,"name":"Home","item":"https:\/\/ciraig.org\/"},{"@type":"ListItem","position":2,"name":"Actualit\u00e9s","item":"https:\/\/ciraig.org\/index.php\/fr\/category\/actualites\/"},{"@type":"ListItem","position":3,"name":"D\u00e9voilement du r\u00e9seau des anciens du CIRAIG"}]},{"@type":"WebSite","@id":"https:\/\/ciraig.org\/#website","url":"https:\/\/ciraig.org\/","name":"CIRAIG","description":"Shaping and implementing metrics for sustainability","publisher":{"@id":"https:\/\/ciraig.org\/#organization"},"potentialAction":[{"@type":"SearchAction","target":{"@type":"EntryPoint","urlTemplate":"https:\/\/ciraig.org\/?s={search_term_string}"},"query-input":{"@type":"PropertyValueSpecification","valueRequired":true,"valueName":"search_term_string"}}],"inLanguage":"en-CA"},{"@type":"Organization","@id":"https:\/\/ciraig.org\/#organization","name":"CIRAIG","url":"https:\/\/ciraig.org\/","logo":{"@type":"ImageObject","inLanguage":"en-CA","@id":"https:\/\/ciraig.org\/#\/schema\/logo\/image\/","url":"https:\/\/ciraig.org\/wp-content\/uploads\/CIRAIG_NVID_logo_RGB_no-tagline.png","contentUrl":"https:\/\/ciraig.org\/wp-content\/uploads\/CIRAIG_NVID_logo_RGB_no-tagline.png","width":2722,"height":1547,"caption":"CIRAIG"},"image":{"@id":"https:\/\/ciraig.org\/#\/schema\/logo\/image\/"},"sameAs":["https:\/\/www.facebook.com\/CIRAIG\/","https:\/\/x.com\/ciraig","https:\/\/www.linkedin.com\/company\/ciraig\/"]},{"@type":"Person","@id":"https:\/\/ciraig.org\/#\/schema\/person\/6ac779040daf8fc32e7b41b4ec5dc71b","name":"admin","image":{"@type":"ImageObject","inLanguage":"en-CA","@id":"https:\/\/secure.gravatar.com\/avatar\/f4e1f304a5b841ee432540678ba9c8bbda14770a8e8e982e5d9dafc18f2423db?s=96&d=mm&r=g","url":"https:\/\/secure.gravatar.com\/avatar\/f4e1f304a5b841ee432540678ba9c8bbda14770a8e8e982e5d9dafc18f2423db?s=96&d=mm&r=g","contentUrl":"https:\/\/secure.gravatar.com\/avatar\/f4e1f304a5b841ee432540678ba9c8bbda14770a8e8e982e5d9dafc18f2423db?s=96&d=mm&r=g","caption":"admin"}}]}},"_links":{"self":[{"href":"https:\/\/ciraig.org\/index.php\/wp-json\/wp\/v2\/posts\/7562","targetHints":{"allow":["GET"]}}],"collection":[{"href":"https:\/\/ciraig.org\/index.php\/wp-json\/wp\/v2\/posts"}],"about":[{"href":"https:\/\/ciraig.org\/index.php\/wp-json\/wp\/v2\/types\/post"}],"author":[{"embeddable":true,"href":"https:\/\/ciraig.org\/index.php\/wp-json\/wp\/v2\/users\/1"}],"replies":[{"embeddable":true,"href":"https:\/\/ciraig.org\/index.php\/wp-json\/wp\/v2\/comments?post=7562"}],"version-history":[{"count":1,"href":"https:\/\/ciraig.org\/index.php\/wp-json\/wp\/v2\/posts\/7562\/revisions"}],"predecessor-version":[{"id":7563,"href":"https:\/\/ciraig.org\/index.php\/wp-json\/wp\/v2\/posts\/7562\/revisions\/7563"}],"wp:featuredmedia":[{"embeddable":true,"href":"https:\/\/ciraig.org\/index.php\/wp-json\/wp\/v2\/media\/7507"}],"wp:attachment":[{"href":"https:\/\/ciraig.org\/index.php\/wp-json\/wp\/v2\/media?parent=7562"}],"wp:term":[{"taxonomy":"category","embeddable":true,"href":"https:\/\/ciraig.org\/index.php\/wp-json\/wp\/v2\/categories?post=7562"},{"taxonomy":"post_tag","embeddable":true,"href":"https:\/\/ciraig.org\/index.php\/wp-json\/wp\/v2\/tags?post=7562"}],"curies":[{"name":"wp","href":"https:\/\/api.w.org\/{rel}","templated":true}]}}