{"id":7715,"date":"2021-09-01T08:00:00","date_gmt":"2021-09-01T12:00:00","guid":{"rendered":"https:\/\/ciraig.org\/?p=7715"},"modified":"2021-08-29T18:38:19","modified_gmt":"2021-08-29T22:38:19","slug":"lancement-mooc-acv","status":"publish","type":"post","link":"https:\/\/ciraig.org\/index.php\/fr\/actualites\/lancement-mooc-acv\/","title":{"rendered":"Lancement du cours en ligne Introduction \u00e0 l\u2019analyse du cycle de vie, un effort collaboratif entre Polytechnique Montr\u00e9al et EPFL"},"content":{"rendered":"\n<p>Le CIRAIG lance officiellement aujourd\u2019hui son premier cours en ligne (MOOC) destin\u00e9 au grand public sur sa sp\u00e9cialit\u00e9 fondamentale&nbsp;: l\u2019analyse du cycle de vie (ACV). Il s\u2019agit d\u2019un cours en ligne complet, le premier au monde en fran\u00e7ais, visant \u00e0 enseigner la m\u00e9thodologie de l\u2019ACV.<\/p>\n\n\n\n<p>Le <a href=\"https:\/\/ciraig.org\/index.php\/mooc-acv\/\">cours en ligne d\u2019introduction \u00e0 l\u2019analyse du cycle de vie<\/a> est destin\u00e9 aux \u00e9tudiantes et \u00e9tudiants, ainsi qu\u2019aux professionnelles et professionnels qui souhaitent apprendre ce qu\u2019est la pens\u00e9e cycle de vie, \u00e0 embrasser la vision syst\u00e9mique et \u00e0 calculer et interpr\u00e9ter l\u2019empreinte environnementale d\u2019un produit, d\u2019un service ou d\u2019une technologie.&nbsp;<\/p>\n\n\n\n<p>Le cours guidera les participantes et participants \u00e0 travers les principes et concepts n\u00e9cessaires pour d\u00e9crire une cha\u00eene de valeur du berceau au tombeau, calculer un inventaire d\u2019\u00e9missions polluantes et de consommation de ressources, le traduire en indicateurs d\u2019impact et le mettre \u00e0 l\u2019\u00e9chelle d\u2019une unit\u00e9 fonctionnelle selon les principes de la norme ISO 14044 et des meilleures pratiques internationales. Ces pratiques sont utilis\u00e9es et ont \u00e9t\u00e9 d\u00e9velopp\u00e9es en partie par les expertes et experts du CIRAIG, Centre international de r\u00e9f\u00e9rence sur le cycle de vie, fond\u00e9 en 2001.&nbsp;<\/p>\n\n\n\n<p>Les objectifs du MOOC sont de :<\/p>\n\n\n\n<ul class=\"wp-block-list\"><li>R\u00e9fl\u00e9chir selon les principes de la perspective cycle de vie<\/li><li>D\u00e9finir les objectifs d\u2019une ACV et poser les bases pour analyser un syst\u00e8me de produit<\/li><li>R\u00e9aliser un inventaire d\u2019\u00e9missions et de consommation de ressources<\/li><li>D\u00e9crire le cadre d\u2019analyse de l\u2019\u00e9valuation des impacts environnementaux<\/li><li>Interpr\u00e9ter et comparer les r\u00e9sultats d\u2019un profil d\u2019une empreinte environnementale<\/li><\/ul>\n\n\n\n<p>Ce MOOC repr\u00e9sente un effort collaboratif entre <a href=\"https:\/\/epfl.ch\/\">l\u2019\u00c9cole Polytechnique F\u00e9d\u00e9rale de Lausanne (EPFL)<\/a> et <a href=\"https:\/\/polymtl.ca\/\">Polytechnique Montr\u00e9al<\/a>. Il propose plus de 20 heures de capsules vid\u00e9os et d\u2019exercices pratiques pour d\u00e9velopper ses comp\u00e9tences en ACV, tout en utilisant les m\u00e9thodes modernes de p\u00e9dagogie technologique. Le MOOC se base sur un cours d\u2019Introduction \u00e0 l\u2019ACV qui se donne \u00e0 Polytechnique Montr\u00e9al (DDI8003) depuis 2013. Il se veut un cours d\u2019introduction pour toutes et tous ainsi qu\u2019un accompagnement p\u00e9dagogique pour les enseignants qui aimeraient faire \u00e9voluer leur enseignement vers une p\u00e9dagogie invers\u00e9e.&nbsp;<\/p>\n\n\n\n<p>Les intervenants du MOOC sont:&nbsp;<\/p>\n\n\n\n<ul class=\"wp-block-list\"><li><a href=\"https:\/\/ciraig.org\/index.php\/team\/manuele-margni\/\"><strong>Professeur Manuele Margni<\/strong><\/a>, un des pionniers et expert international de la m\u00e9thodologie de l\u2019analyse du cycle de vie. Il est professeur titulaire au CIRAIG, \u00e0 Polytechnique Montr\u00e9al et \u00e0 HES-SO Valais Wallis \u00e0 Sion, Suisse.&nbsp;<\/li><li><strong>Pascal Lesage<\/strong>, connu mondialement pour ses contributions au d\u00e9veloppement de l\u2019inventaire du cycle de vie et du d\u00e9veloppement d\u2019outils. Pascal est actuellement ing\u00e9nieur pour Environnement Canada.&nbsp;<\/li><li><a href=\"https:\/\/ciraig.org\/index.php\/team\/cecile-bulle\/\"><strong>Professeure C\u00e9cile Bulle<\/strong><\/a>, ayant une r\u00e9putation internationale pour sa contribution aux m\u00e9thodologies de l\u2019\u00e9valuation des impacts du cycle de vie, surtout le d\u00e9veloppement de la m\u00e9thodologie Impact WORLD+. C\u00e9cile est professeure titulaire au CIRAIG et \u00e0 l\u2019\u00c9cole des sciences de la gestion \u00e0 l\u2019Universit\u00e9 du Qu\u00e9bec \u00e0 Montr\u00e9al (UQAM), au d\u00e9partement de strat\u00e9gie et RSE.&nbsp;&nbsp;<\/li><li><a href=\"https:\/\/people.epfl.ch\/francois.marechal?lang=en\"><strong>Professeur Fran\u00e7ois Mar\u00e9chal<\/strong><\/a>, expert en syst\u00e8mes \u00e9nerg\u00e9tiques industriels \u00e0 l\u2019Ecole Polytechnique f\u00e9d\u00e9rale de Lausanne (EPFL) \u00e0 Lausanne, Suisse. Il m\u00e8ne les activit\u00e9s R&amp;D dans le domaine de l&#8217;analyse et de la conception assist\u00e9es par ordinateur de syst\u00e8mes \u00e9nerg\u00e9tiques industriels, avec un int\u00e9r\u00eat particulier pour le d\u00e9veloppement de syst\u00e8mes de conversion d&#8217;\u00e9nergie durables utilisant des m\u00e9thodologies d&#8217;optimisation thermo-\u00e9conomique.&nbsp;<\/li><\/ul>\n\n\n\n<p>Au nom du CIRAIG, nous souhaitons remercier les \u00e9tudiantes et \u00e9tudiants ayant particip\u00e9 \u00e0 la cr\u00e9ation du MOOC : Flavien Binet, Mohamad Kaddoura, Julien Pedneault, Laura Debarre, J\u00e9r\u00f4me Lavoie, Camille Chabas, Titouan Greffe et Julien Walzberg. Nous tenons \u00e0 remercier Laure Patouillard pour sa contribution au d\u00e9veloppement du contenu du MOOC, Andrea Gideon pour la gestion du projet, l\u2019\u00e9quipe de tournage et de montage compos\u00e9e de Gw\u00e9nael Bocquet, Magali Croci, Matthew Goodman, \u00c9loge Seri, et les conseiller et conseill\u00e8re en technop\u00e9dagogie Christian Vonarburg de l\u2019EPFL et Catherine Carr\u00e9 de Polytechnique.&nbsp;<\/p>\n\n\n\n<p><a href=\"https:\/\/ciraig.org\/index.php\/mooc-acv\/\">Visiter la page du cours<\/a><\/p>\n\n\n\n<p><a href=\"https:\/\/www.edx.org\/course\/cycle-de-vie\">S&#8217;inscrire au cours sur edX<\/a><\/p>\n\n\n\n<p><strong>\u00c0 propos du CIRAIG<\/strong><\/p>\n\n\n\n<p>Cr\u00e9\u00e9 en 2001, le <a href=\"https:\/\/ciraig.org\/\">Centre international de r\u00e9f\u00e9rence sur le cycle de vie des produits, proc\u00e9d\u00e9s et services (CIRAIG)<\/a> est un centre d\u2019expertise en cycle de vie, reconnu mondialement pour ses travaux et initiatives b\u00e2tis sur de solides assises scientifiques et plus de dix ann\u00e9es d\u2019exp\u00e9rience appliqu\u00e9e. Le CIRAIG accompagne les industries, les gouvernements, les organisations et les consommateurs et consommatrices dans leur d\u00e9marche vers un d\u00e9veloppement durable soutenu par la pens\u00e9e cycle de vie. Le CIRAIG est un groupe de recherche et centre d\u2019expertise en d\u00e9veloppement durable et cycle de vie, situ\u00e9 \u00e0 <a href=\"https:\/\/polymtl.ca\/\">Polytechnique Montr\u00e9al<\/a> et \u00e0 <a href=\"https:\/\/uqam.ca\/\">l\u2019UQ\u00c0M<\/a>.&nbsp;<\/p>\n","protected":false},"excerpt":{"rendered":"<p>Le CIRAIG lance officiellement aujourd\u2019hui son premier cours en ligne (MOOC) destin\u00e9 au grand public sur sa sp\u00e9cialit\u00e9 fondamentale&nbsp;: l\u2019analyse du cycle de vie (ACV). Il s\u2019agit d\u2019un cours en ligne complet, le premier au monde en fran\u00e7ais, visant \u00e0 enseigner la m\u00e9thodologie de l\u2019ACV. Le cours en ligne d\u2019introduction \u00e0 l\u2019analyse du cycle de [&hellip;]<\/p>\n","protected":false},"author":1,"featured_media":7688,"comment_status":"open","ping_status":"open","sticky":false,"template":"","format":"standard","meta":{"footnotes":""},"categories":[890],"tags":[],"class_list":["post-7715","post","type-post","status-publish","format-standard","has-post-thumbnail","hentry","category-actualites"],"yoast_head":"<!-- This site is optimized with the Yoast SEO plugin v27.4 - https:\/\/yoast.com\/product\/yoast-seo-wordpress\/ -->\n<title>Communiqu\u00e9 de presse: Lancement du MOOC Introduction \u00e0 l&#039;ACV<\/title>\n<meta name=\"description\" content=\"Lancement du cours en ligne Introduction \u00e0 l\u2019analyse du cycle de vie, un effort collaboratif entre Polytechnique Montr\u00e9al et EPFL\" \/>\n<meta name=\"robots\" content=\"index, follow, max-snippet:-1, max-image-preview:large, max-video-preview:-1\" \/>\n<link rel=\"canonical\" href=\"https:\/\/ciraig.org\/index.php\/fr\/actualites\/lancement-mooc-acv\/\" \/>\n<meta property=\"og:locale\" content=\"en_US\" \/>\n<meta property=\"og:type\" content=\"article\" \/>\n<meta property=\"og:title\" content=\"Communiqu\u00e9 de presse: Lancement du MOOC Introduction \u00e0 l&#039;ACV\" \/>\n<meta property=\"og:description\" content=\"Lancement du cours en ligne Introduction \u00e0 l\u2019analyse du cycle de vie, un effort collaboratif entre Polytechnique Montr\u00e9al et EPFL\" \/>\n<meta property=\"og:url\" content=\"https:\/\/ciraig.org\/index.php\/fr\/actualites\/lancement-mooc-acv\/\" \/>\n<meta property=\"og:site_name\" content=\"CIRAIG\" \/>\n<meta property=\"article:publisher\" content=\"https:\/\/www.facebook.com\/CIRAIG\/\" \/>\n<meta property=\"article:published_time\" content=\"2021-09-01T12:00:00+00:00\" \/>\n<meta property=\"og:image\" content=\"https:\/\/ciraig.org\/wp-content\/uploads\/Open-Graph-Image-MOOC.png\" \/>\n\t<meta property=\"og:image:width\" content=\"1200\" \/>\n\t<meta property=\"og:image:height\" content=\"627\" \/>\n\t<meta property=\"og:image:type\" content=\"image\/png\" \/>\n<meta name=\"author\" content=\"admin\" \/>\n<meta name=\"twitter:card\" content=\"summary_large_image\" \/>\n<meta name=\"twitter:creator\" content=\"@ciraig\" \/>\n<meta name=\"twitter:site\" content=\"@ciraig\" \/>\n<meta name=\"twitter:label1\" content=\"Written by\" \/>\n\t<meta name=\"twitter:data1\" content=\"admin\" \/>\n\t<meta name=\"twitter:label2\" content=\"Est. reading time\" \/>\n\t<meta name=\"twitter:data2\" content=\"4 minutes\" \/>\n<script type=\"application\/ld+json\" class=\"yoast-schema-graph\">{\"@context\":\"https:\\\/\\\/schema.org\",\"@graph\":[{\"@type\":\"Article\",\"@id\":\"https:\\\/\\\/ciraig.org\\\/index.php\\\/fr\\\/actualites\\\/lancement-mooc-acv\\\/#article\",\"isPartOf\":{\"@id\":\"https:\\\/\\\/ciraig.org\\\/index.php\\\/fr\\\/actualites\\\/lancement-mooc-acv\\\/\"},\"author\":{\"name\":\"admin\",\"@id\":\"https:\\\/\\\/ciraig.org\\\/#\\\/schema\\\/person\\\/6ac779040daf8fc32e7b41b4ec5dc71b\"},\"headline\":\"Lancement du cours en ligne Introduction \u00e0 l\u2019analyse du cycle de vie, un effort collaboratif entre Polytechnique Montr\u00e9al et EPFL\",\"datePublished\":\"2021-09-01T12:00:00+00:00\",\"mainEntityOfPage\":{\"@id\":\"https:\\\/\\\/ciraig.org\\\/index.php\\\/fr\\\/actualites\\\/lancement-mooc-acv\\\/\"},\"wordCount\":857,\"commentCount\":0,\"publisher\":{\"@id\":\"https:\\\/\\\/ciraig.org\\\/#organization\"},\"image\":{\"@id\":\"https:\\\/\\\/ciraig.org\\\/index.php\\\/fr\\\/actualites\\\/lancement-mooc-acv\\\/#primaryimage\"},\"thumbnailUrl\":\"https:\\\/\\\/ciraig.org\\\/wp-content\\\/uploads\\\/Open-Graph-Image-MOOC.png\",\"articleSection\":[\"Actualit\u00e9s\"],\"inLanguage\":\"en-CA\",\"potentialAction\":[{\"@type\":\"CommentAction\",\"name\":\"Comment\",\"target\":[\"https:\\\/\\\/ciraig.org\\\/index.php\\\/fr\\\/actualites\\\/lancement-mooc-acv\\\/#respond\"]}]},{\"@type\":\"WebPage\",\"@id\":\"https:\\\/\\\/ciraig.org\\\/index.php\\\/fr\\\/actualites\\\/lancement-mooc-acv\\\/\",\"url\":\"https:\\\/\\\/ciraig.org\\\/index.php\\\/fr\\\/actualites\\\/lancement-mooc-acv\\\/\",\"name\":\"Communiqu\u00e9 de presse: Lancement du MOOC Introduction \u00e0 l'ACV\",\"isPartOf\":{\"@id\":\"https:\\\/\\\/ciraig.org\\\/#website\"},\"primaryImageOfPage\":{\"@id\":\"https:\\\/\\\/ciraig.org\\\/index.php\\\/fr\\\/actualites\\\/lancement-mooc-acv\\\/#primaryimage\"},\"image\":{\"@id\":\"https:\\\/\\\/ciraig.org\\\/index.php\\\/fr\\\/actualites\\\/lancement-mooc-acv\\\/#primaryimage\"},\"thumbnailUrl\":\"https:\\\/\\\/ciraig.org\\\/wp-content\\\/uploads\\\/Open-Graph-Image-MOOC.png\",\"datePublished\":\"2021-09-01T12:00:00+00:00\",\"description\":\"Lancement du cours en ligne Introduction \u00e0 l\u2019analyse du cycle de vie, un effort collaboratif entre Polytechnique Montr\u00e9al et EPFL\",\"breadcrumb\":{\"@id\":\"https:\\\/\\\/ciraig.org\\\/index.php\\\/fr\\\/actualites\\\/lancement-mooc-acv\\\/#breadcrumb\"},\"inLanguage\":\"en-CA\",\"potentialAction\":[{\"@type\":\"ReadAction\",\"target\":[\"https:\\\/\\\/ciraig.org\\\/index.php\\\/fr\\\/actualites\\\/lancement-mooc-acv\\\/\"]}]},{\"@type\":\"ImageObject\",\"inLanguage\":\"en-CA\",\"@id\":\"https:\\\/\\\/ciraig.org\\\/index.php\\\/fr\\\/actualites\\\/lancement-mooc-acv\\\/#primaryimage\",\"url\":\"https:\\\/\\\/ciraig.org\\\/wp-content\\\/uploads\\\/Open-Graph-Image-MOOC.png\",\"contentUrl\":\"https:\\\/\\\/ciraig.org\\\/wp-content\\\/uploads\\\/Open-Graph-Image-MOOC.png\",\"width\":1200,\"height\":627},{\"@type\":\"BreadcrumbList\",\"@id\":\"https:\\\/\\\/ciraig.org\\\/index.php\\\/fr\\\/actualites\\\/lancement-mooc-acv\\\/#breadcrumb\",\"itemListElement\":[{\"@type\":\"ListItem\",\"position\":1,\"name\":\"Home\",\"item\":\"https:\\\/\\\/ciraig.org\\\/\"},{\"@type\":\"ListItem\",\"position\":2,\"name\":\"Actualit\u00e9s\",\"item\":\"https:\\\/\\\/ciraig.org\\\/index.php\\\/fr\\\/category\\\/actualites\\\/\"},{\"@type\":\"ListItem\",\"position\":3,\"name\":\"Lancement du cours en ligne Introduction \u00e0 l\u2019analyse du cycle de vie, un effort collaboratif entre Polytechnique Montr\u00e9al et EPFL\"}]},{\"@type\":\"WebSite\",\"@id\":\"https:\\\/\\\/ciraig.org\\\/#website\",\"url\":\"https:\\\/\\\/ciraig.org\\\/\",\"name\":\"CIRAIG\",\"description\":\"Shaping and implementing metrics for sustainability\",\"publisher\":{\"@id\":\"https:\\\/\\\/ciraig.org\\\/#organization\"},\"potentialAction\":[{\"@type\":\"SearchAction\",\"target\":{\"@type\":\"EntryPoint\",\"urlTemplate\":\"https:\\\/\\\/ciraig.org\\\/?s={search_term_string}\"},\"query-input\":{\"@type\":\"PropertyValueSpecification\",\"valueRequired\":true,\"valueName\":\"search_term_string\"}}],\"inLanguage\":\"en-CA\"},{\"@type\":\"Organization\",\"@id\":\"https:\\\/\\\/ciraig.org\\\/#organization\",\"name\":\"CIRAIG\",\"url\":\"https:\\\/\\\/ciraig.org\\\/\",\"logo\":{\"@type\":\"ImageObject\",\"inLanguage\":\"en-CA\",\"@id\":\"https:\\\/\\\/ciraig.org\\\/#\\\/schema\\\/logo\\\/image\\\/\",\"url\":\"https:\\\/\\\/ciraig.org\\\/wp-content\\\/uploads\\\/CIRAIG_NVID_logo_RGB_no-tagline.png\",\"contentUrl\":\"https:\\\/\\\/ciraig.org\\\/wp-content\\\/uploads\\\/CIRAIG_NVID_logo_RGB_no-tagline.png\",\"width\":2722,\"height\":1547,\"caption\":\"CIRAIG\"},\"image\":{\"@id\":\"https:\\\/\\\/ciraig.org\\\/#\\\/schema\\\/logo\\\/image\\\/\"},\"sameAs\":[\"https:\\\/\\\/www.facebook.com\\\/CIRAIG\\\/\",\"https:\\\/\\\/x.com\\\/ciraig\",\"https:\\\/\\\/www.linkedin.com\\\/company\\\/ciraig\\\/\"]},{\"@type\":\"Person\",\"@id\":\"https:\\\/\\\/ciraig.org\\\/#\\\/schema\\\/person\\\/6ac779040daf8fc32e7b41b4ec5dc71b\",\"name\":\"admin\",\"image\":{\"@type\":\"ImageObject\",\"inLanguage\":\"en-CA\",\"@id\":\"https:\\\/\\\/secure.gravatar.com\\\/avatar\\\/f4e1f304a5b841ee432540678ba9c8bbda14770a8e8e982e5d9dafc18f2423db?s=96&d=mm&r=g\",\"url\":\"https:\\\/\\\/secure.gravatar.com\\\/avatar\\\/f4e1f304a5b841ee432540678ba9c8bbda14770a8e8e982e5d9dafc18f2423db?s=96&d=mm&r=g\",\"contentUrl\":\"https:\\\/\\\/secure.gravatar.com\\\/avatar\\\/f4e1f304a5b841ee432540678ba9c8bbda14770a8e8e982e5d9dafc18f2423db?s=96&d=mm&r=g\",\"caption\":\"admin\"}}]}<\/script>\n<!-- \/ Yoast SEO plugin. -->","yoast_head_json":{"title":"Communiqu\u00e9 de presse: Lancement du MOOC Introduction \u00e0 l'ACV","description":"Lancement du cours en ligne Introduction \u00e0 l\u2019analyse du cycle de vie, un effort collaboratif entre Polytechnique Montr\u00e9al et EPFL","robots":{"index":"index","follow":"follow","max-snippet":"max-snippet:-1","max-image-preview":"max-image-preview:large","max-video-preview":"max-video-preview:-1"},"canonical":"https:\/\/ciraig.org\/index.php\/fr\/actualites\/lancement-mooc-acv\/","og_locale":"en_US","og_type":"article","og_title":"Communiqu\u00e9 de presse: Lancement du MOOC Introduction \u00e0 l'ACV","og_description":"Lancement du cours en ligne Introduction \u00e0 l\u2019analyse du cycle de vie, un effort collaboratif entre Polytechnique Montr\u00e9al et EPFL","og_url":"https:\/\/ciraig.org\/index.php\/fr\/actualites\/lancement-mooc-acv\/","og_site_name":"CIRAIG","article_publisher":"https:\/\/www.facebook.com\/CIRAIG\/","article_published_time":"2021-09-01T12:00:00+00:00","og_image":[{"width":1200,"height":627,"url":"https:\/\/ciraig.org\/wp-content\/uploads\/Open-Graph-Image-MOOC.png","type":"image\/png"}],"author":"admin","twitter_card":"summary_large_image","twitter_creator":"@ciraig","twitter_site":"@ciraig","twitter_misc":{"Written by":"admin","Est. reading time":"4 minutes"},"schema":{"@context":"https:\/\/schema.org","@graph":[{"@type":"Article","@id":"https:\/\/ciraig.org\/index.php\/fr\/actualites\/lancement-mooc-acv\/#article","isPartOf":{"@id":"https:\/\/ciraig.org\/index.php\/fr\/actualites\/lancement-mooc-acv\/"},"author":{"name":"admin","@id":"https:\/\/ciraig.org\/#\/schema\/person\/6ac779040daf8fc32e7b41b4ec5dc71b"},"headline":"Lancement du cours en ligne Introduction \u00e0 l\u2019analyse du cycle de vie, un effort collaboratif entre Polytechnique Montr\u00e9al et EPFL","datePublished":"2021-09-01T12:00:00+00:00","mainEntityOfPage":{"@id":"https:\/\/ciraig.org\/index.php\/fr\/actualites\/lancement-mooc-acv\/"},"wordCount":857,"commentCount":0,"publisher":{"@id":"https:\/\/ciraig.org\/#organization"},"image":{"@id":"https:\/\/ciraig.org\/index.php\/fr\/actualites\/lancement-mooc-acv\/#primaryimage"},"thumbnailUrl":"https:\/\/ciraig.org\/wp-content\/uploads\/Open-Graph-Image-MOOC.png","articleSection":["Actualit\u00e9s"],"inLanguage":"en-CA","potentialAction":[{"@type":"CommentAction","name":"Comment","target":["https:\/\/ciraig.org\/index.php\/fr\/actualites\/lancement-mooc-acv\/#respond"]}]},{"@type":"WebPage","@id":"https:\/\/ciraig.org\/index.php\/fr\/actualites\/lancement-mooc-acv\/","url":"https:\/\/ciraig.org\/index.php\/fr\/actualites\/lancement-mooc-acv\/","name":"Communiqu\u00e9 de presse: Lancement du MOOC Introduction \u00e0 l'ACV","isPartOf":{"@id":"https:\/\/ciraig.org\/#website"},"primaryImageOfPage":{"@id":"https:\/\/ciraig.org\/index.php\/fr\/actualites\/lancement-mooc-acv\/#primaryimage"},"image":{"@id":"https:\/\/ciraig.org\/index.php\/fr\/actualites\/lancement-mooc-acv\/#primaryimage"},"thumbnailUrl":"https:\/\/ciraig.org\/wp-content\/uploads\/Open-Graph-Image-MOOC.png","datePublished":"2021-09-01T12:00:00+00:00","description":"Lancement du cours en ligne Introduction \u00e0 l\u2019analyse du cycle de vie, un effort collaboratif entre Polytechnique Montr\u00e9al et EPFL","breadcrumb":{"@id":"https:\/\/ciraig.org\/index.php\/fr\/actualites\/lancement-mooc-acv\/#breadcrumb"},"inLanguage":"en-CA","potentialAction":[{"@type":"ReadAction","target":["https:\/\/ciraig.org\/index.php\/fr\/actualites\/lancement-mooc-acv\/"]}]},{"@type":"ImageObject","inLanguage":"en-CA","@id":"https:\/\/ciraig.org\/index.php\/fr\/actualites\/lancement-mooc-acv\/#primaryimage","url":"https:\/\/ciraig.org\/wp-content\/uploads\/Open-Graph-Image-MOOC.png","contentUrl":"https:\/\/ciraig.org\/wp-content\/uploads\/Open-Graph-Image-MOOC.png","width":1200,"height":627},{"@type":"BreadcrumbList","@id":"https:\/\/ciraig.org\/index.php\/fr\/actualites\/lancement-mooc-acv\/#breadcrumb","itemListElement":[{"@type":"ListItem","position":1,"name":"Home","item":"https:\/\/ciraig.org\/"},{"@type":"ListItem","position":2,"name":"Actualit\u00e9s","item":"https:\/\/ciraig.org\/index.php\/fr\/category\/actualites\/"},{"@type":"ListItem","position":3,"name":"Lancement du cours en ligne Introduction \u00e0 l\u2019analyse du cycle de vie, un effort collaboratif entre Polytechnique Montr\u00e9al et EPFL"}]},{"@type":"WebSite","@id":"https:\/\/ciraig.org\/#website","url":"https:\/\/ciraig.org\/","name":"CIRAIG","description":"Shaping and implementing metrics for sustainability","publisher":{"@id":"https:\/\/ciraig.org\/#organization"},"potentialAction":[{"@type":"SearchAction","target":{"@type":"EntryPoint","urlTemplate":"https:\/\/ciraig.org\/?s={search_term_string}"},"query-input":{"@type":"PropertyValueSpecification","valueRequired":true,"valueName":"search_term_string"}}],"inLanguage":"en-CA"},{"@type":"Organization","@id":"https:\/\/ciraig.org\/#organization","name":"CIRAIG","url":"https:\/\/ciraig.org\/","logo":{"@type":"ImageObject","inLanguage":"en-CA","@id":"https:\/\/ciraig.org\/#\/schema\/logo\/image\/","url":"https:\/\/ciraig.org\/wp-content\/uploads\/CIRAIG_NVID_logo_RGB_no-tagline.png","contentUrl":"https:\/\/ciraig.org\/wp-content\/uploads\/CIRAIG_NVID_logo_RGB_no-tagline.png","width":2722,"height":1547,"caption":"CIRAIG"},"image":{"@id":"https:\/\/ciraig.org\/#\/schema\/logo\/image\/"},"sameAs":["https:\/\/www.facebook.com\/CIRAIG\/","https:\/\/x.com\/ciraig","https:\/\/www.linkedin.com\/company\/ciraig\/"]},{"@type":"Person","@id":"https:\/\/ciraig.org\/#\/schema\/person\/6ac779040daf8fc32e7b41b4ec5dc71b","name":"admin","image":{"@type":"ImageObject","inLanguage":"en-CA","@id":"https:\/\/secure.gravatar.com\/avatar\/f4e1f304a5b841ee432540678ba9c8bbda14770a8e8e982e5d9dafc18f2423db?s=96&d=mm&r=g","url":"https:\/\/secure.gravatar.com\/avatar\/f4e1f304a5b841ee432540678ba9c8bbda14770a8e8e982e5d9dafc18f2423db?s=96&d=mm&r=g","contentUrl":"https:\/\/secure.gravatar.com\/avatar\/f4e1f304a5b841ee432540678ba9c8bbda14770a8e8e982e5d9dafc18f2423db?s=96&d=mm&r=g","caption":"admin"}}]}},"_links":{"self":[{"href":"https:\/\/ciraig.org\/index.php\/wp-json\/wp\/v2\/posts\/7715","targetHints":{"allow":["GET"]}}],"collection":[{"href":"https:\/\/ciraig.org\/index.php\/wp-json\/wp\/v2\/posts"}],"about":[{"href":"https:\/\/ciraig.org\/index.php\/wp-json\/wp\/v2\/types\/post"}],"author":[{"embeddable":true,"href":"https:\/\/ciraig.org\/index.php\/wp-json\/wp\/v2\/users\/1"}],"replies":[{"embeddable":true,"href":"https:\/\/ciraig.org\/index.php\/wp-json\/wp\/v2\/comments?post=7715"}],"version-history":[{"count":2,"href":"https:\/\/ciraig.org\/index.php\/wp-json\/wp\/v2\/posts\/7715\/revisions"}],"predecessor-version":[{"id":7733,"href":"https:\/\/ciraig.org\/index.php\/wp-json\/wp\/v2\/posts\/7715\/revisions\/7733"}],"wp:featuredmedia":[{"embeddable":true,"href":"https:\/\/ciraig.org\/index.php\/wp-json\/wp\/v2\/media\/7688"}],"wp:attachment":[{"href":"https:\/\/ciraig.org\/index.php\/wp-json\/wp\/v2\/media?parent=7715"}],"wp:term":[{"taxonomy":"category","embeddable":true,"href":"https:\/\/ciraig.org\/index.php\/wp-json\/wp\/v2\/categories?post=7715"},{"taxonomy":"post_tag","embeddable":true,"href":"https:\/\/ciraig.org\/index.php\/wp-json\/wp\/v2\/tags?post=7715"}],"curies":[{"name":"wp","href":"https:\/\/api.w.org\/{rel}","templated":true}]}}