{"id":8081,"date":"2021-12-10T10:47:17","date_gmt":"2021-12-10T15:47:17","guid":{"rendered":"https:\/\/ciraig.org\/?p=8081"},"modified":"2021-12-10T10:54:53","modified_gmt":"2021-12-10T15:54:53","slug":"changement-a-la-direction-du-ciraig","status":"publish","type":"post","link":"https:\/\/ciraig.org\/index.php\/fr\/actualites\/changement-a-la-direction-du-ciraig\/","title":{"rendered":"Changement \u00e0 la direction du CIRAIG"},"content":{"rendered":"\n<ul class=\"wp-block-list\"><li><strong>Sara Russo Garrido<\/strong> est nomm\u00e9e directrice ex\u00e9cutive du CIRAIG et succ\u00e8de \u00e0 Sophie Fallaha<\/li><li><strong>Fran\u00e7ois Saunier <\/strong>est nomm\u00e9 directeur ex\u00e9cutif adjoint du CIRAIG et succ\u00e8de \u00e0 Sara Russo Garrido<\/li><\/ul>\n\n\n\n<p> <\/p>\n\n\n\n<p>Le CIRAIG est heureux d\u2019annoncer la nomination de <a href=\"https:\/\/ciraig.org\/index.php\/fr\/team\/sara-russo-garrido-2\/\">Sara Russo Garrido<\/a> \u00e0 titre de directrice ex\u00e9cutive du Centre international de r\u00e9f\u00e9rence sur le cycle de vie des produits, proc\u00e9d\u00e9s et services (CIRAIG). Mme Russo Garrido succ\u00e8de \u00e0 Sophie Fallaha. <a href=\"https:\/\/ciraig.org\/index.php\/fr\/team\/francois-saunier-2\/\">Fran\u00e7ois Saunier<\/a> est \u00e9galement nomm\u00e9 \u00e0 titre de directeur ex\u00e9cutif adjoint, et succ\u00e8de \u00e0 Mme Russo Garrido.\u00a0<\/p>\n\n\n\n<p>Professeure associ\u00e9e \u00e0 l\u2019Institut des sciences de l\u2019environnement \u00e0 l\u2019UQ\u00c0M, <strong>Sara Russo Garrido<\/strong> est titulaire de deux ma\u00eetrises, l\u2019une en d\u00e9veloppement international (M.Phil.) et l\u2019autre en politique environnementale (M.Sc.) de l\u2019Universit\u00e9 d\u2019Oxford, o\u00f9 elle a \u00e9tudi\u00e9 gr\u00e2ce \u00e0 une bourse d\u2019\u00e9tudes Rhodes. Membre du CIRAIG depuis 2013, elle est sp\u00e9cialis\u00e9e en analyse sociale du cycle de vie et en responsabilit\u00e9 sociale d\u2019entreprise (RSE). Avant de rejoindre le CIRAIG, elle a travaill\u00e9 dans le domaine de la responsabilit\u00e9 sociale des entreprises, d\u2019abord au sein du Gouvernement du Canada et ensuite au sein d\u2019organisations syndicales aux \u00c9tats-Unis.<\/p>\n\n\n\n<p><strong>Fran\u00e7ois Saunier<\/strong> est titulaire d\u2019un baccalaur\u00e9at en g\u00e9nie chimique de l\u2019ENSIC (Nancy, France) et d\u2019un M.Sc.A en g\u00e9nie chimique de Polytechnique Montr\u00e9al. Membre du CIRAIG depuis 2011, il a particip\u00e9 \u00e0 la r\u00e9alisation de nombreuses analyses du cycle de vie et \u00e9tudes connexes, ainsi qu\u2019aux activit\u00e9s de formation pour des publics universitaires et professionnels. Il est par ailleurs responsable des projets li\u00e9s \u00e0 la carboneutralit\u00e9 et \u00e0 l&#8217;op\u00e9rationnalisation de l\u2019\u00e9conomie circulaire.<\/p>\n\n\n\n<p>Dans leurs nouveaux r\u00f4les, Mme Russo Garrido et M. Saunier auront pour principal mandat de mettre en \u0153uvre le programme scientifique et de transfert des connaissances du CIRAIG en mati\u00e8re de m\u00e9triques de durabilit\u00e9 dans le but d\u2019acc\u00e9l\u00e9rer une transition durable. <\/p>\n\n\n\n<blockquote class=\"wp-block-quote is-style-large is-layout-flow wp-block-quote-is-layout-flow\"><p>\u201cJe suis tr\u00e8s heureux de la nomination de Mme. Russo Garrido et de M.Saunier aux postes de directrice ex\u00e9cutive et directeur ex\u00e9cutif adjoint, respectivement. Leur leadership, expertise et vision sont des atouts structurants pour l\u2019\u00e9quipe et seront cl\u00e9s dans leurs nouvelles fonctions.\u201d <\/p><cite>a d\u00e9clar\u00e9 <a href=\"https:\/\/ciraig.org\/index.php\/team\/rejean-samson\/\">R\u00e9jean Samson, directeur g\u00e9n\u00e9ral du CIRAIG<\/a><\/cite><\/blockquote>\n\n\n\n<p><\/p>\n\n\n\n<p>Le CIRAIG tient par ailleurs \u00e0 remercier chaudement son ex-directrice ex\u00e9cutive, Sophie Fallaha,\u00a0 pour tous ses apports au cours des dix derni\u00e8res ann\u00e9es. <\/p>\n\n\n\n<blockquote class=\"wp-block-quote is-style-large is-layout-flow wp-block-quote-is-layout-flow\"><p>\u201cJe quitte la t\u00eate riche de pr\u00e9cieux souvenirs et le sentiment d\u2019avoir contribu\u00e9 \u00e0 fa\u00e7onner le CIRAIG d\u2019aujourd\u2019hui : un CIRAIG reconnu comme un acteur phare du d\u00e9veloppement et la mise en \u0153uvre des m\u00e9triques de durabilit\u00e9 pour outiller une transition durable et un CIRAIG r\u00e9ellement international, un pied de chaque c\u00f4t\u00e9 de l\u2019Atlantique. \u201c<\/p><cite><em>Sophie Fallaha<\/em><\/cite><\/blockquote>\n\n\n\n<iframe src=\"https:\/\/www.linkedin.com\/embed\/feed\/update\/urn:li:share:6870102631918944256\" height=\"1000\" width=\"100%\" frameborder=\"0\" allowfullscreen=\"\" title=\"Embedded post\"><\/iframe>\n\n\n\n<p><\/p>\n","protected":false},"excerpt":{"rendered":"<p>Sara Russo Garrido est nomm\u00e9e directrice ex\u00e9cutive du CIRAIG et succ\u00e8de \u00e0 Sophie Fallaha<\/p>\n<p>Fran\u00e7ois Saunier est nomm\u00e9 directeur ex\u00e9cutif adjoint du CIRAIG et succ\u00e8de \u00e0 Sara Russo Garrido<\/p>\n","protected":false},"author":1,"featured_media":8082,"comment_status":"open","ping_status":"open","sticky":false,"template":"","format":"standard","meta":{"footnotes":""},"categories":[890],"tags":[],"class_list":["post-8081","post","type-post","status-publish","format-standard","has-post-thumbnail","hentry","category-actualites"],"yoast_head":"<!-- This site is optimized with the Yoast SEO plugin v27.4 - https:\/\/yoast.com\/product\/yoast-seo-wordpress\/ -->\n<title>Changement \u00e0 la direction du CIRAIG - CIRAIG<\/title>\n<meta name=\"description\" content=\"Sara Russo Garrido est nomm\u00e9e directrice ex\u00e9cutive du CIRAIG et succ\u00e8de \u00e0 Sophie Fallaha, Fran\u00e7ois Saunier est nomm\u00e9 directeur ex\u00e9cutif adjoint du CIRAIG et succ\u00e8de \u00e0 Sara Russo Garrido\" \/>\n<meta name=\"robots\" content=\"index, follow, max-snippet:-1, max-image-preview:large, max-video-preview:-1\" \/>\n<link rel=\"canonical\" href=\"https:\/\/ciraig.org\/index.php\/fr\/actualites\/changement-a-la-direction-du-ciraig\/\" \/>\n<meta property=\"og:locale\" content=\"en_US\" \/>\n<meta property=\"og:type\" content=\"article\" \/>\n<meta property=\"og:title\" content=\"Changement \u00e0 la direction du CIRAIG - CIRAIG\" \/>\n<meta property=\"og:description\" content=\"Sara Russo Garrido est nomm\u00e9e directrice ex\u00e9cutive du CIRAIG et succ\u00e8de \u00e0 Sophie Fallaha, Fran\u00e7ois Saunier est nomm\u00e9 directeur ex\u00e9cutif adjoint du CIRAIG et succ\u00e8de \u00e0 Sara Russo Garrido\" \/>\n<meta property=\"og:url\" content=\"https:\/\/ciraig.org\/index.php\/fr\/actualites\/changement-a-la-direction-du-ciraig\/\" \/>\n<meta property=\"og:site_name\" content=\"CIRAIG\" \/>\n<meta property=\"article:publisher\" content=\"https:\/\/www.facebook.com\/CIRAIG\/\" \/>\n<meta property=\"article:published_time\" content=\"2021-12-10T15:47:17+00:00\" \/>\n<meta property=\"article:modified_time\" content=\"2021-12-10T15:54:53+00:00\" \/>\n<meta property=\"og:image\" content=\"https:\/\/ciraig.org\/wp-content\/uploads\/Changement-de-direction-Open-graph.png\" \/>\n\t<meta property=\"og:image:width\" content=\"1200\" \/>\n\t<meta property=\"og:image:height\" content=\"600\" \/>\n\t<meta property=\"og:image:type\" content=\"image\/png\" \/>\n<meta name=\"author\" content=\"admin\" \/>\n<meta name=\"twitter:card\" content=\"summary_large_image\" \/>\n<meta name=\"twitter:creator\" content=\"@ciraig\" \/>\n<meta name=\"twitter:site\" content=\"@ciraig\" \/>\n<meta name=\"twitter:label1\" content=\"Written by\" \/>\n\t<meta name=\"twitter:data1\" content=\"admin\" \/>\n\t<meta name=\"twitter:label2\" content=\"Est. reading time\" \/>\n\t<meta name=\"twitter:data2\" content=\"2 minutes\" \/>\n<script type=\"application\/ld+json\" class=\"yoast-schema-graph\">{\"@context\":\"https:\\\/\\\/schema.org\",\"@graph\":[{\"@type\":\"Article\",\"@id\":\"https:\\\/\\\/ciraig.org\\\/index.php\\\/fr\\\/actualites\\\/changement-a-la-direction-du-ciraig\\\/#article\",\"isPartOf\":{\"@id\":\"https:\\\/\\\/ciraig.org\\\/index.php\\\/fr\\\/actualites\\\/changement-a-la-direction-du-ciraig\\\/\"},\"author\":{\"name\":\"admin\",\"@id\":\"https:\\\/\\\/ciraig.org\\\/#\\\/schema\\\/person\\\/6ac779040daf8fc32e7b41b4ec5dc71b\"},\"headline\":\"Changement \u00e0 la direction du CIRAIG\",\"datePublished\":\"2021-12-10T15:47:17+00:00\",\"dateModified\":\"2021-12-10T15:54:53+00:00\",\"mainEntityOfPage\":{\"@id\":\"https:\\\/\\\/ciraig.org\\\/index.php\\\/fr\\\/actualites\\\/changement-a-la-direction-du-ciraig\\\/\"},\"wordCount\":492,\"commentCount\":0,\"publisher\":{\"@id\":\"https:\\\/\\\/ciraig.org\\\/#organization\"},\"image\":{\"@id\":\"https:\\\/\\\/ciraig.org\\\/index.php\\\/fr\\\/actualites\\\/changement-a-la-direction-du-ciraig\\\/#primaryimage\"},\"thumbnailUrl\":\"https:\\\/\\\/ciraig.org\\\/wp-content\\\/uploads\\\/Changement-de-direction-Open-graph.png\",\"articleSection\":[\"Actualit\u00e9s\"],\"inLanguage\":\"en-CA\",\"potentialAction\":[{\"@type\":\"CommentAction\",\"name\":\"Comment\",\"target\":[\"https:\\\/\\\/ciraig.org\\\/index.php\\\/fr\\\/actualites\\\/changement-a-la-direction-du-ciraig\\\/#respond\"]}]},{\"@type\":\"WebPage\",\"@id\":\"https:\\\/\\\/ciraig.org\\\/index.php\\\/fr\\\/actualites\\\/changement-a-la-direction-du-ciraig\\\/\",\"url\":\"https:\\\/\\\/ciraig.org\\\/index.php\\\/fr\\\/actualites\\\/changement-a-la-direction-du-ciraig\\\/\",\"name\":\"Changement \u00e0 la direction du CIRAIG - CIRAIG\",\"isPartOf\":{\"@id\":\"https:\\\/\\\/ciraig.org\\\/#website\"},\"primaryImageOfPage\":{\"@id\":\"https:\\\/\\\/ciraig.org\\\/index.php\\\/fr\\\/actualites\\\/changement-a-la-direction-du-ciraig\\\/#primaryimage\"},\"image\":{\"@id\":\"https:\\\/\\\/ciraig.org\\\/index.php\\\/fr\\\/actualites\\\/changement-a-la-direction-du-ciraig\\\/#primaryimage\"},\"thumbnailUrl\":\"https:\\\/\\\/ciraig.org\\\/wp-content\\\/uploads\\\/Changement-de-direction-Open-graph.png\",\"datePublished\":\"2021-12-10T15:47:17+00:00\",\"dateModified\":\"2021-12-10T15:54:53+00:00\",\"description\":\"Sara Russo Garrido est nomm\u00e9e directrice ex\u00e9cutive du CIRAIG et succ\u00e8de \u00e0 Sophie Fallaha, Fran\u00e7ois Saunier est nomm\u00e9 directeur ex\u00e9cutif adjoint du CIRAIG et succ\u00e8de \u00e0 Sara Russo Garrido\",\"breadcrumb\":{\"@id\":\"https:\\\/\\\/ciraig.org\\\/index.php\\\/fr\\\/actualites\\\/changement-a-la-direction-du-ciraig\\\/#breadcrumb\"},\"inLanguage\":\"en-CA\",\"potentialAction\":[{\"@type\":\"ReadAction\",\"target\":[\"https:\\\/\\\/ciraig.org\\\/index.php\\\/fr\\\/actualites\\\/changement-a-la-direction-du-ciraig\\\/\"]}]},{\"@type\":\"ImageObject\",\"inLanguage\":\"en-CA\",\"@id\":\"https:\\\/\\\/ciraig.org\\\/index.php\\\/fr\\\/actualites\\\/changement-a-la-direction-du-ciraig\\\/#primaryimage\",\"url\":\"https:\\\/\\\/ciraig.org\\\/wp-content\\\/uploads\\\/Changement-de-direction-Open-graph.png\",\"contentUrl\":\"https:\\\/\\\/ciraig.org\\\/wp-content\\\/uploads\\\/Changement-de-direction-Open-graph.png\",\"width\":1200,\"height\":600},{\"@type\":\"BreadcrumbList\",\"@id\":\"https:\\\/\\\/ciraig.org\\\/index.php\\\/fr\\\/actualites\\\/changement-a-la-direction-du-ciraig\\\/#breadcrumb\",\"itemListElement\":[{\"@type\":\"ListItem\",\"position\":1,\"name\":\"Home\",\"item\":\"https:\\\/\\\/ciraig.org\\\/\"},{\"@type\":\"ListItem\",\"position\":2,\"name\":\"Actualit\u00e9s\",\"item\":\"https:\\\/\\\/ciraig.org\\\/index.php\\\/fr\\\/category\\\/actualites\\\/\"},{\"@type\":\"ListItem\",\"position\":3,\"name\":\"Changement \u00e0 la direction du CIRAIG\"}]},{\"@type\":\"WebSite\",\"@id\":\"https:\\\/\\\/ciraig.org\\\/#website\",\"url\":\"https:\\\/\\\/ciraig.org\\\/\",\"name\":\"CIRAIG\",\"description\":\"Shaping and implementing metrics for sustainability\",\"publisher\":{\"@id\":\"https:\\\/\\\/ciraig.org\\\/#organization\"},\"potentialAction\":[{\"@type\":\"SearchAction\",\"target\":{\"@type\":\"EntryPoint\",\"urlTemplate\":\"https:\\\/\\\/ciraig.org\\\/?s={search_term_string}\"},\"query-input\":{\"@type\":\"PropertyValueSpecification\",\"valueRequired\":true,\"valueName\":\"search_term_string\"}}],\"inLanguage\":\"en-CA\"},{\"@type\":\"Organization\",\"@id\":\"https:\\\/\\\/ciraig.org\\\/#organization\",\"name\":\"CIRAIG\",\"url\":\"https:\\\/\\\/ciraig.org\\\/\",\"logo\":{\"@type\":\"ImageObject\",\"inLanguage\":\"en-CA\",\"@id\":\"https:\\\/\\\/ciraig.org\\\/#\\\/schema\\\/logo\\\/image\\\/\",\"url\":\"https:\\\/\\\/ciraig.org\\\/wp-content\\\/uploads\\\/CIRAIG_NVID_logo_RGB_no-tagline.png\",\"contentUrl\":\"https:\\\/\\\/ciraig.org\\\/wp-content\\\/uploads\\\/CIRAIG_NVID_logo_RGB_no-tagline.png\",\"width\":2722,\"height\":1547,\"caption\":\"CIRAIG\"},\"image\":{\"@id\":\"https:\\\/\\\/ciraig.org\\\/#\\\/schema\\\/logo\\\/image\\\/\"},\"sameAs\":[\"https:\\\/\\\/www.facebook.com\\\/CIRAIG\\\/\",\"https:\\\/\\\/x.com\\\/ciraig\",\"https:\\\/\\\/www.linkedin.com\\\/company\\\/ciraig\\\/\"]},{\"@type\":\"Person\",\"@id\":\"https:\\\/\\\/ciraig.org\\\/#\\\/schema\\\/person\\\/6ac779040daf8fc32e7b41b4ec5dc71b\",\"name\":\"admin\",\"image\":{\"@type\":\"ImageObject\",\"inLanguage\":\"en-CA\",\"@id\":\"https:\\\/\\\/secure.gravatar.com\\\/avatar\\\/f4e1f304a5b841ee432540678ba9c8bbda14770a8e8e982e5d9dafc18f2423db?s=96&d=mm&r=g\",\"url\":\"https:\\\/\\\/secure.gravatar.com\\\/avatar\\\/f4e1f304a5b841ee432540678ba9c8bbda14770a8e8e982e5d9dafc18f2423db?s=96&d=mm&r=g\",\"contentUrl\":\"https:\\\/\\\/secure.gravatar.com\\\/avatar\\\/f4e1f304a5b841ee432540678ba9c8bbda14770a8e8e982e5d9dafc18f2423db?s=96&d=mm&r=g\",\"caption\":\"admin\"}}]}<\/script>\n<!-- \/ Yoast SEO plugin. -->","yoast_head_json":{"title":"Changement \u00e0 la direction du CIRAIG - CIRAIG","description":"Sara Russo Garrido est nomm\u00e9e directrice ex\u00e9cutive du CIRAIG et succ\u00e8de \u00e0 Sophie Fallaha, Fran\u00e7ois Saunier est nomm\u00e9 directeur ex\u00e9cutif adjoint du CIRAIG et succ\u00e8de \u00e0 Sara Russo Garrido","robots":{"index":"index","follow":"follow","max-snippet":"max-snippet:-1","max-image-preview":"max-image-preview:large","max-video-preview":"max-video-preview:-1"},"canonical":"https:\/\/ciraig.org\/index.php\/fr\/actualites\/changement-a-la-direction-du-ciraig\/","og_locale":"en_US","og_type":"article","og_title":"Changement \u00e0 la direction du CIRAIG - CIRAIG","og_description":"Sara Russo Garrido est nomm\u00e9e directrice ex\u00e9cutive du CIRAIG et succ\u00e8de \u00e0 Sophie Fallaha, Fran\u00e7ois Saunier est nomm\u00e9 directeur ex\u00e9cutif adjoint du CIRAIG et succ\u00e8de \u00e0 Sara Russo Garrido","og_url":"https:\/\/ciraig.org\/index.php\/fr\/actualites\/changement-a-la-direction-du-ciraig\/","og_site_name":"CIRAIG","article_publisher":"https:\/\/www.facebook.com\/CIRAIG\/","article_published_time":"2021-12-10T15:47:17+00:00","article_modified_time":"2021-12-10T15:54:53+00:00","og_image":[{"width":1200,"height":600,"url":"https:\/\/ciraig.org\/wp-content\/uploads\/Changement-de-direction-Open-graph.png","type":"image\/png"}],"author":"admin","twitter_card":"summary_large_image","twitter_creator":"@ciraig","twitter_site":"@ciraig","twitter_misc":{"Written by":"admin","Est. reading time":"2 minutes"},"schema":{"@context":"https:\/\/schema.org","@graph":[{"@type":"Article","@id":"https:\/\/ciraig.org\/index.php\/fr\/actualites\/changement-a-la-direction-du-ciraig\/#article","isPartOf":{"@id":"https:\/\/ciraig.org\/index.php\/fr\/actualites\/changement-a-la-direction-du-ciraig\/"},"author":{"name":"admin","@id":"https:\/\/ciraig.org\/#\/schema\/person\/6ac779040daf8fc32e7b41b4ec5dc71b"},"headline":"Changement \u00e0 la direction du CIRAIG","datePublished":"2021-12-10T15:47:17+00:00","dateModified":"2021-12-10T15:54:53+00:00","mainEntityOfPage":{"@id":"https:\/\/ciraig.org\/index.php\/fr\/actualites\/changement-a-la-direction-du-ciraig\/"},"wordCount":492,"commentCount":0,"publisher":{"@id":"https:\/\/ciraig.org\/#organization"},"image":{"@id":"https:\/\/ciraig.org\/index.php\/fr\/actualites\/changement-a-la-direction-du-ciraig\/#primaryimage"},"thumbnailUrl":"https:\/\/ciraig.org\/wp-content\/uploads\/Changement-de-direction-Open-graph.png","articleSection":["Actualit\u00e9s"],"inLanguage":"en-CA","potentialAction":[{"@type":"CommentAction","name":"Comment","target":["https:\/\/ciraig.org\/index.php\/fr\/actualites\/changement-a-la-direction-du-ciraig\/#respond"]}]},{"@type":"WebPage","@id":"https:\/\/ciraig.org\/index.php\/fr\/actualites\/changement-a-la-direction-du-ciraig\/","url":"https:\/\/ciraig.org\/index.php\/fr\/actualites\/changement-a-la-direction-du-ciraig\/","name":"Changement \u00e0 la direction du CIRAIG - CIRAIG","isPartOf":{"@id":"https:\/\/ciraig.org\/#website"},"primaryImageOfPage":{"@id":"https:\/\/ciraig.org\/index.php\/fr\/actualites\/changement-a-la-direction-du-ciraig\/#primaryimage"},"image":{"@id":"https:\/\/ciraig.org\/index.php\/fr\/actualites\/changement-a-la-direction-du-ciraig\/#primaryimage"},"thumbnailUrl":"https:\/\/ciraig.org\/wp-content\/uploads\/Changement-de-direction-Open-graph.png","datePublished":"2021-12-10T15:47:17+00:00","dateModified":"2021-12-10T15:54:53+00:00","description":"Sara Russo Garrido est nomm\u00e9e directrice ex\u00e9cutive du CIRAIG et succ\u00e8de \u00e0 Sophie Fallaha, Fran\u00e7ois Saunier est nomm\u00e9 directeur ex\u00e9cutif adjoint du CIRAIG et succ\u00e8de \u00e0 Sara Russo Garrido","breadcrumb":{"@id":"https:\/\/ciraig.org\/index.php\/fr\/actualites\/changement-a-la-direction-du-ciraig\/#breadcrumb"},"inLanguage":"en-CA","potentialAction":[{"@type":"ReadAction","target":["https:\/\/ciraig.org\/index.php\/fr\/actualites\/changement-a-la-direction-du-ciraig\/"]}]},{"@type":"ImageObject","inLanguage":"en-CA","@id":"https:\/\/ciraig.org\/index.php\/fr\/actualites\/changement-a-la-direction-du-ciraig\/#primaryimage","url":"https:\/\/ciraig.org\/wp-content\/uploads\/Changement-de-direction-Open-graph.png","contentUrl":"https:\/\/ciraig.org\/wp-content\/uploads\/Changement-de-direction-Open-graph.png","width":1200,"height":600},{"@type":"BreadcrumbList","@id":"https:\/\/ciraig.org\/index.php\/fr\/actualites\/changement-a-la-direction-du-ciraig\/#breadcrumb","itemListElement":[{"@type":"ListItem","position":1,"name":"Home","item":"https:\/\/ciraig.org\/"},{"@type":"ListItem","position":2,"name":"Actualit\u00e9s","item":"https:\/\/ciraig.org\/index.php\/fr\/category\/actualites\/"},{"@type":"ListItem","position":3,"name":"Changement \u00e0 la direction du CIRAIG"}]},{"@type":"WebSite","@id":"https:\/\/ciraig.org\/#website","url":"https:\/\/ciraig.org\/","name":"CIRAIG","description":"Shaping and implementing metrics for sustainability","publisher":{"@id":"https:\/\/ciraig.org\/#organization"},"potentialAction":[{"@type":"SearchAction","target":{"@type":"EntryPoint","urlTemplate":"https:\/\/ciraig.org\/?s={search_term_string}"},"query-input":{"@type":"PropertyValueSpecification","valueRequired":true,"valueName":"search_term_string"}}],"inLanguage":"en-CA"},{"@type":"Organization","@id":"https:\/\/ciraig.org\/#organization","name":"CIRAIG","url":"https:\/\/ciraig.org\/","logo":{"@type":"ImageObject","inLanguage":"en-CA","@id":"https:\/\/ciraig.org\/#\/schema\/logo\/image\/","url":"https:\/\/ciraig.org\/wp-content\/uploads\/CIRAIG_NVID_logo_RGB_no-tagline.png","contentUrl":"https:\/\/ciraig.org\/wp-content\/uploads\/CIRAIG_NVID_logo_RGB_no-tagline.png","width":2722,"height":1547,"caption":"CIRAIG"},"image":{"@id":"https:\/\/ciraig.org\/#\/schema\/logo\/image\/"},"sameAs":["https:\/\/www.facebook.com\/CIRAIG\/","https:\/\/x.com\/ciraig","https:\/\/www.linkedin.com\/company\/ciraig\/"]},{"@type":"Person","@id":"https:\/\/ciraig.org\/#\/schema\/person\/6ac779040daf8fc32e7b41b4ec5dc71b","name":"admin","image":{"@type":"ImageObject","inLanguage":"en-CA","@id":"https:\/\/secure.gravatar.com\/avatar\/f4e1f304a5b841ee432540678ba9c8bbda14770a8e8e982e5d9dafc18f2423db?s=96&d=mm&r=g","url":"https:\/\/secure.gravatar.com\/avatar\/f4e1f304a5b841ee432540678ba9c8bbda14770a8e8e982e5d9dafc18f2423db?s=96&d=mm&r=g","contentUrl":"https:\/\/secure.gravatar.com\/avatar\/f4e1f304a5b841ee432540678ba9c8bbda14770a8e8e982e5d9dafc18f2423db?s=96&d=mm&r=g","caption":"admin"}}]}},"_links":{"self":[{"href":"https:\/\/ciraig.org\/index.php\/wp-json\/wp\/v2\/posts\/8081","targetHints":{"allow":["GET"]}}],"collection":[{"href":"https:\/\/ciraig.org\/index.php\/wp-json\/wp\/v2\/posts"}],"about":[{"href":"https:\/\/ciraig.org\/index.php\/wp-json\/wp\/v2\/types\/post"}],"author":[{"embeddable":true,"href":"https:\/\/ciraig.org\/index.php\/wp-json\/wp\/v2\/users\/1"}],"replies":[{"embeddable":true,"href":"https:\/\/ciraig.org\/index.php\/wp-json\/wp\/v2\/comments?post=8081"}],"version-history":[{"count":3,"href":"https:\/\/ciraig.org\/index.php\/wp-json\/wp\/v2\/posts\/8081\/revisions"}],"predecessor-version":[{"id":8085,"href":"https:\/\/ciraig.org\/index.php\/wp-json\/wp\/v2\/posts\/8081\/revisions\/8085"}],"wp:featuredmedia":[{"embeddable":true,"href":"https:\/\/ciraig.org\/index.php\/wp-json\/wp\/v2\/media\/8082"}],"wp:attachment":[{"href":"https:\/\/ciraig.org\/index.php\/wp-json\/wp\/v2\/media?parent=8081"}],"wp:term":[{"taxonomy":"category","embeddable":true,"href":"https:\/\/ciraig.org\/index.php\/wp-json\/wp\/v2\/categories?post=8081"},{"taxonomy":"post_tag","embeddable":true,"href":"https:\/\/ciraig.org\/index.php\/wp-json\/wp\/v2\/tags?post=8081"}],"curies":[{"name":"wp","href":"https:\/\/api.w.org\/{rel}","templated":true}]}}