{"id":9828,"date":"2022-10-04T08:12:48","date_gmt":"2022-10-04T12:12:48","guid":{"rendered":"http:\/\/stage.ciraig.org\/?p=9828"},"modified":"2022-10-05T14:08:54","modified_gmt":"2022-10-05T18:08:54","slug":"lancement-de-la-nouvelle-identite-visuelle-du-ciraig","status":"publish","type":"post","link":"https:\/\/ciraig.org\/index.php\/fr\/actualites\/lancement-de-la-nouvelle-identite-visuelle-du-ciraig\/","title":{"rendered":"Lancement de la nouvelle identit\u00e9 visuelle du CIRAIG"},"content":{"rendered":"\n<p><meta charset=\"utf-8\">Montr\u00e9al, QC<\/p>\n\n\n\n<p><\/p>\n\n\n\n<p>Vent de changement au CIRAIG, qui lance officiellement aujourd\u2019hui sa nouvelle identit\u00e9 visuelle! Fruit de plusieurs mois de r\u00e9flexion et de travail, cette nouvelle image offre au CIRAIG une identit\u00e9 en phase avec son renouveau, sa modernit\u00e9 et son dynamisme.&nbsp;<\/p>\n\n\n\n<p>Le CIRAIG, bien que conservant les m\u00eames initiales, change de nom pour devenir <em><strong>Le Centre international de r\u00e9f\u00e9rence sur l\u2019analyse du cycle de vie et la transition durable<\/strong><\/em>. Ce changement refl\u00e8te le fait que le CIRAIG, tout en restant ancr\u00e9 dans son c\u0153ur de m\u00e9tier traditionnel qu\u2019est l&#8217;analyse du cycle de vie, a \u00e9largi \u00e0 travers le temps son champ d\u2019action et investit maintenant l&#8217;univers des mesures de la durabilit\u00e9. L\u2019organisme est r\u00e9solument tourn\u00e9 vers l&#8217;application de ces m\u00e9triques pour une transition durable vers la carboneutralit\u00e9.&nbsp;<\/p>\n\n\n\n<p>Cette nouvelle identit\u00e9 visuelle est une \u00e9volution n\u00e9cessaire de l&#8217;image du CIRAIG, afin d\u2019actualiser son image dans le paysage visuel d\u2019aujourd\u2019hui et de souligner les grands changements en cours et \u00e0 venir, afin de mieux se projeter dans le futur.&nbsp;<\/p>\n\n\n\n<p>Selon le Pr R\u00e9jean Samson, DG du CIRAIG : <em>\u201cCette ann\u00e9e marque pour le CIRAIG l\u2019entr\u00e9e dans sa troisi\u00e8me d\u00e9cennie mais aussi un tournant dans son histoire avec le d\u00e9marrage de deux nouvelles unit\u00e9s de recherche : le lancement du Consortium international de recherche sur l&#8217;analyse du cycle de vie et la transition durable (EPFL, HES-SO, Polytechnique Montr\u00e9al et UQAM), et le montage de la Chaire consommation durable, un projet collaboratif entre Polytechnique Montr\u00e9al et l\u2019UQAM, qui sera lanc\u00e9 dans les prochains mois.\u201d<\/em><\/p>\n\n\n\n<p>Repr\u00e9sentatif du chemin parcouru et tr\u00e8s appr\u00e9ci\u00e9 pendant ses 20 ann\u00e9es d\u2019utilisation, l\u2019ancien logo du CIRAIG fait donc peau neuve.<\/p>\n\n\n\n<p><\/p>\n\n\n\n<figure class=\"wp-block-table is-style-stripes\"><table><tbody><tr><td class=\"has-text-align-center\" data-align=\"center\"><br><br><br><img decoding=\"async\" width=\"300\" height=\"81\" class=\"wp-image-10136\" style=\"width: 300px;\" src=\"https:\/\/ciraig.org\/wp-content\/uploads\/CIRAIG_coul_fr_nom.png\" alt=\"\" srcset=\"https:\/\/ciraig.org\/wp-content\/uploads\/CIRAIG_coul_fr_nom.png 892w, https:\/\/ciraig.org\/wp-content\/uploads\/CIRAIG_coul_fr_nom-300x81.png 300w, https:\/\/ciraig.org\/wp-content\/uploads\/CIRAIG_coul_fr_nom-768x208.png 768w\" sizes=\"(max-width: 300px) 100vw, 300px\" \/><\/td><td class=\"has-text-align-center\" data-align=\"center\"><img fetchpriority=\"high\" decoding=\"async\" width=\"341\" height=\"205\" src=\"http:\/\/ciraig.org\/wp-content\/uploads\/CIRAIG_NVID_logo_Vertical_RGB_FR-1024x615.png\" alt=\"\"><\/td><\/tr><tr><td class=\"has-text-align-center\" data-align=\"center\"><strong>Logo utilis\u00e9 les 20 derni\u00e8res ann\u00e9es<\/strong><\/td><td class=\"has-text-align-center\" data-align=\"center\"><strong>Logo 2022<\/strong><\/td><\/tr><\/tbody><\/table><\/figure>\n\n\n\n<p><\/p>\n\n\n\n<p>Le CIRAIG embrasse ce changement, cette nouvelle image, tout en reconnaissant tout le chemin parcouru sous l&#8217;ancienne identit\u00e9.\u00a0<\/p>\n\n\n\n<p>Cette nouvelle identit\u00e9 visuelle, qui s&#8217;applique d&#8217;ores et d\u00e9j\u00e0 \u00e0 l&#8217;ensemble des outils de communication du CIRAIG, est d\u00e8s \u00e0 pr\u00e9sent visible sur le <a href=\"https:\/\/ciraig.org\/\" target=\"_blank\" rel=\"noreferrer noopener\">site internet<\/a>.\u00a0<\/p>\n\n\n\n<p>Cette nouvelle identit\u00e9 visuelle est sign\u00e9e par Ga\u00ebl Dorg\u00e8re et le nouveau site web con\u00e7u et d\u00e9velopp\u00e9 par <a href=\"https:\/\/www.dreagideon.com\/\" target=\"_blank\" rel=\"noreferrer noopener\">Drea Gideon<\/a>.<\/p>\n\n\n\n<p><\/p>\n\n\n\n<p><\/p>\n\n\n\n<p><strong>\u00c0 propos du CIRAIG<\/strong><\/p>\n\n\n\n<p>Cr\u00e9\u00e9 en 2001, le <a href=\"https:\/\/ciraig.org\/index.php\/fr\/accueil\/\" target=\"_blank\" rel=\"noreferrer noopener\">Centre international de r\u00e9f\u00e9rence sur le cycle de vie des produits, proc\u00e9d\u00e9s et services (CIRAIG)<\/a> est un centre d\u2019expertise en cycle de vie, reconnu mondialement pour ses travaux et initiatives b\u00e2tis sur de solides assises scientifiques et plus de quinze ann\u00e9es d\u2019exp\u00e9rience appliqu\u00e9e. Le CIRAIG accompagne les industries, les gouvernements, les organisations et les consommateurs et consommatrices dans leur d\u00e9marche vers un d\u00e9veloppement durable soutenu par la pens\u00e9e cycle de vie. Le CIRAIG est un groupe de recherche et centre d\u2019expertise en d\u00e9veloppement durable et cycle de vie, situ\u00e9 \u00e0 <a href=\"https:\/\/polymtl.ca\/\" target=\"_blank\" rel=\"noreferrer noopener\">Polytechnique Montr\u00e9al<\/a> et \u00e0 <a href=\"https:\/\/uqam.ca\/\" target=\"_blank\" rel=\"noreferrer noopener\">l\u2019UQ\u00c0M<\/a>, et d\u00e9tenant un partenariat institutionnel avec l&#8217;<a href=\"https:\/\/www.epfl.ch\/fr\/\" target=\"_blank\" rel=\"noreferrer noopener\">EPFL<\/a> et <a href=\"http:\/\/hes-so.ch\/accueil\" target=\"_blank\" rel=\"noreferrer noopener\">HES-SO<\/a> en Suisse.<\/p>\n","protected":false},"excerpt":{"rendered":"<p>Montr\u00e9al, QC Vent de changement au CIRAIG, qui lance officiellement aujourd\u2019hui sa nouvelle identit\u00e9 visuelle! Fruit de plusieurs mois de r\u00e9flexion et de travail, cette nouvelle image offre au CIRAIG une identit\u00e9 en phase avec son renouveau, sa modernit\u00e9 et son dynamisme.&nbsp; Le CIRAIG, bien que conservant les m\u00eames initiales, change de nom pour devenir [&hellip;]<\/p>\n","protected":false},"author":16,"featured_media":9804,"comment_status":"open","ping_status":"open","sticky":false,"template":"","format":"standard","meta":{"footnotes":""},"categories":[890],"tags":[],"class_list":["post-9828","post","type-post","status-publish","format-standard","has-post-thumbnail","hentry","category-actualites"],"yoast_head":"<!-- This site is optimized with the Yoast SEO plugin v27.4 - https:\/\/yoast.com\/product\/yoast-seo-wordpress\/ -->\n<title>Lancement de la nouvelle identit\u00e9 visuelle du CIRAIG - CIRAIG<\/title>\n<meta name=\"robots\" content=\"index, follow, max-snippet:-1, max-image-preview:large, max-video-preview:-1\" \/>\n<link rel=\"canonical\" href=\"https:\/\/ciraig.org\/index.php\/fr\/actualites\/lancement-de-la-nouvelle-identite-visuelle-du-ciraig\/\" \/>\n<meta property=\"og:locale\" content=\"en_US\" \/>\n<meta property=\"og:type\" content=\"article\" \/>\n<meta property=\"og:title\" content=\"Lancement de la nouvelle identit\u00e9 visuelle du CIRAIG - CIRAIG\" \/>\n<meta property=\"og:description\" content=\"Montr\u00e9al, QC Vent de changement au CIRAIG, qui lance officiellement aujourd\u2019hui sa nouvelle identit\u00e9 visuelle! Fruit de plusieurs mois de r\u00e9flexion et de travail, cette nouvelle image offre au CIRAIG une identit\u00e9 en phase avec son renouveau, sa modernit\u00e9 et son dynamisme.&nbsp; Le CIRAIG, bien que conservant les m\u00eames initiales, change de nom pour devenir [&hellip;]\" \/>\n<meta property=\"og:url\" content=\"https:\/\/ciraig.org\/index.php\/fr\/actualites\/lancement-de-la-nouvelle-identite-visuelle-du-ciraig\/\" \/>\n<meta property=\"og:site_name\" content=\"CIRAIG\" \/>\n<meta property=\"article:publisher\" content=\"https:\/\/www.facebook.com\/CIRAIG\/\" \/>\n<meta property=\"article:published_time\" content=\"2022-10-04T12:12:48+00:00\" \/>\n<meta property=\"article:modified_time\" content=\"2022-10-05T18:08:54+00:00\" \/>\n<meta property=\"og:image\" content=\"https:\/\/ciraig.org\/wp-content\/uploads\/CIRAIG_NVID_Open-Graph-4.png\" \/>\n\t<meta property=\"og:image:width\" content=\"1200\" \/>\n\t<meta property=\"og:image:height\" content=\"627\" \/>\n\t<meta property=\"og:image:type\" content=\"image\/png\" \/>\n<meta name=\"author\" content=\"Communication Committee\" \/>\n<meta name=\"twitter:card\" content=\"summary_large_image\" \/>\n<meta name=\"twitter:creator\" content=\"@ciraig\" \/>\n<meta name=\"twitter:site\" content=\"@ciraig\" \/>\n<meta name=\"twitter:label1\" content=\"Written by\" \/>\n\t<meta name=\"twitter:data1\" content=\"Communication Committee\" \/>\n\t<meta name=\"twitter:label2\" content=\"Est. reading time\" \/>\n\t<meta name=\"twitter:data2\" content=\"3 minutes\" \/>\n<script type=\"application\/ld+json\" class=\"yoast-schema-graph\">{\"@context\":\"https:\\\/\\\/schema.org\",\"@graph\":[{\"@type\":\"Article\",\"@id\":\"https:\\\/\\\/ciraig.org\\\/index.php\\\/fr\\\/actualites\\\/lancement-de-la-nouvelle-identite-visuelle-du-ciraig\\\/#article\",\"isPartOf\":{\"@id\":\"https:\\\/\\\/ciraig.org\\\/index.php\\\/fr\\\/actualites\\\/lancement-de-la-nouvelle-identite-visuelle-du-ciraig\\\/\"},\"author\":{\"name\":\"Communication Committee\",\"@id\":\"https:\\\/\\\/ciraig.org\\\/#\\\/schema\\\/person\\\/b971e5c691da712ff58e13cef67f5030\"},\"headline\":\"Lancement de la nouvelle identit\u00e9 visuelle du CIRAIG\",\"datePublished\":\"2022-10-04T12:12:48+00:00\",\"dateModified\":\"2022-10-05T18:08:54+00:00\",\"mainEntityOfPage\":{\"@id\":\"https:\\\/\\\/ciraig.org\\\/index.php\\\/fr\\\/actualites\\\/lancement-de-la-nouvelle-identite-visuelle-du-ciraig\\\/\"},\"wordCount\":530,\"commentCount\":0,\"publisher\":{\"@id\":\"https:\\\/\\\/ciraig.org\\\/#organization\"},\"image\":{\"@id\":\"https:\\\/\\\/ciraig.org\\\/index.php\\\/fr\\\/actualites\\\/lancement-de-la-nouvelle-identite-visuelle-du-ciraig\\\/#primaryimage\"},\"thumbnailUrl\":\"https:\\\/\\\/ciraig.org\\\/wp-content\\\/uploads\\\/CIRAIG_NVID_Open-Graph-4.png\",\"articleSection\":[\"Actualit\u00e9s\"],\"inLanguage\":\"en-CA\",\"potentialAction\":[{\"@type\":\"CommentAction\",\"name\":\"Comment\",\"target\":[\"https:\\\/\\\/ciraig.org\\\/index.php\\\/fr\\\/actualites\\\/lancement-de-la-nouvelle-identite-visuelle-du-ciraig\\\/#respond\"]}]},{\"@type\":\"WebPage\",\"@id\":\"https:\\\/\\\/ciraig.org\\\/index.php\\\/fr\\\/actualites\\\/lancement-de-la-nouvelle-identite-visuelle-du-ciraig\\\/\",\"url\":\"https:\\\/\\\/ciraig.org\\\/index.php\\\/fr\\\/actualites\\\/lancement-de-la-nouvelle-identite-visuelle-du-ciraig\\\/\",\"name\":\"Lancement de la nouvelle identit\u00e9 visuelle du CIRAIG - CIRAIG\",\"isPartOf\":{\"@id\":\"https:\\\/\\\/ciraig.org\\\/#website\"},\"primaryImageOfPage\":{\"@id\":\"https:\\\/\\\/ciraig.org\\\/index.php\\\/fr\\\/actualites\\\/lancement-de-la-nouvelle-identite-visuelle-du-ciraig\\\/#primaryimage\"},\"image\":{\"@id\":\"https:\\\/\\\/ciraig.org\\\/index.php\\\/fr\\\/actualites\\\/lancement-de-la-nouvelle-identite-visuelle-du-ciraig\\\/#primaryimage\"},\"thumbnailUrl\":\"https:\\\/\\\/ciraig.org\\\/wp-content\\\/uploads\\\/CIRAIG_NVID_Open-Graph-4.png\",\"datePublished\":\"2022-10-04T12:12:48+00:00\",\"dateModified\":\"2022-10-05T18:08:54+00:00\",\"breadcrumb\":{\"@id\":\"https:\\\/\\\/ciraig.org\\\/index.php\\\/fr\\\/actualites\\\/lancement-de-la-nouvelle-identite-visuelle-du-ciraig\\\/#breadcrumb\"},\"inLanguage\":\"en-CA\",\"potentialAction\":[{\"@type\":\"ReadAction\",\"target\":[\"https:\\\/\\\/ciraig.org\\\/index.php\\\/fr\\\/actualites\\\/lancement-de-la-nouvelle-identite-visuelle-du-ciraig\\\/\"]}]},{\"@type\":\"ImageObject\",\"inLanguage\":\"en-CA\",\"@id\":\"https:\\\/\\\/ciraig.org\\\/index.php\\\/fr\\\/actualites\\\/lancement-de-la-nouvelle-identite-visuelle-du-ciraig\\\/#primaryimage\",\"url\":\"https:\\\/\\\/ciraig.org\\\/wp-content\\\/uploads\\\/CIRAIG_NVID_Open-Graph-4.png\",\"contentUrl\":\"https:\\\/\\\/ciraig.org\\\/wp-content\\\/uploads\\\/CIRAIG_NVID_Open-Graph-4.png\",\"width\":1200,\"height\":627,\"caption\":\"CIRAIG\"},{\"@type\":\"BreadcrumbList\",\"@id\":\"https:\\\/\\\/ciraig.org\\\/index.php\\\/fr\\\/actualites\\\/lancement-de-la-nouvelle-identite-visuelle-du-ciraig\\\/#breadcrumb\",\"itemListElement\":[{\"@type\":\"ListItem\",\"position\":1,\"name\":\"Home\",\"item\":\"https:\\\/\\\/ciraig.org\\\/\"},{\"@type\":\"ListItem\",\"position\":2,\"name\":\"Actualit\u00e9s\",\"item\":\"https:\\\/\\\/ciraig.org\\\/index.php\\\/fr\\\/category\\\/actualites\\\/\"},{\"@type\":\"ListItem\",\"position\":3,\"name\":\"Lancement de la nouvelle identit\u00e9 visuelle du CIRAIG\"}]},{\"@type\":\"WebSite\",\"@id\":\"https:\\\/\\\/ciraig.org\\\/#website\",\"url\":\"https:\\\/\\\/ciraig.org\\\/\",\"name\":\"CIRAIG\",\"description\":\"Shaping and implementing metrics for sustainability\",\"publisher\":{\"@id\":\"https:\\\/\\\/ciraig.org\\\/#organization\"},\"potentialAction\":[{\"@type\":\"SearchAction\",\"target\":{\"@type\":\"EntryPoint\",\"urlTemplate\":\"https:\\\/\\\/ciraig.org\\\/?s={search_term_string}\"},\"query-input\":{\"@type\":\"PropertyValueSpecification\",\"valueRequired\":true,\"valueName\":\"search_term_string\"}}],\"inLanguage\":\"en-CA\"},{\"@type\":\"Organization\",\"@id\":\"https:\\\/\\\/ciraig.org\\\/#organization\",\"name\":\"CIRAIG\",\"url\":\"https:\\\/\\\/ciraig.org\\\/\",\"logo\":{\"@type\":\"ImageObject\",\"inLanguage\":\"en-CA\",\"@id\":\"https:\\\/\\\/ciraig.org\\\/#\\\/schema\\\/logo\\\/image\\\/\",\"url\":\"https:\\\/\\\/ciraig.org\\\/wp-content\\\/uploads\\\/CIRAIG_NVID_logo_RGB_no-tagline.png\",\"contentUrl\":\"https:\\\/\\\/ciraig.org\\\/wp-content\\\/uploads\\\/CIRAIG_NVID_logo_RGB_no-tagline.png\",\"width\":2722,\"height\":1547,\"caption\":\"CIRAIG\"},\"image\":{\"@id\":\"https:\\\/\\\/ciraig.org\\\/#\\\/schema\\\/logo\\\/image\\\/\"},\"sameAs\":[\"https:\\\/\\\/www.facebook.com\\\/CIRAIG\\\/\",\"https:\\\/\\\/x.com\\\/ciraig\",\"https:\\\/\\\/www.linkedin.com\\\/company\\\/ciraig\\\/\"]},{\"@type\":\"Person\",\"@id\":\"https:\\\/\\\/ciraig.org\\\/#\\\/schema\\\/person\\\/b971e5c691da712ff58e13cef67f5030\",\"name\":\"Communication Committee\",\"image\":{\"@type\":\"ImageObject\",\"inLanguage\":\"en-CA\",\"@id\":\"https:\\\/\\\/secure.gravatar.com\\\/avatar\\\/5815e3158465757e9c5c455758a6647c117d971379c0b28619d62ce088993e8b?s=96&d=mm&r=g\",\"url\":\"https:\\\/\\\/secure.gravatar.com\\\/avatar\\\/5815e3158465757e9c5c455758a6647c117d971379c0b28619d62ce088993e8b?s=96&d=mm&r=g\",\"contentUrl\":\"https:\\\/\\\/secure.gravatar.com\\\/avatar\\\/5815e3158465757e9c5c455758a6647c117d971379c0b28619d62ce088993e8b?s=96&d=mm&r=g\",\"caption\":\"Communication Committee\"}}]}<\/script>\n<!-- \/ Yoast SEO plugin. -->","yoast_head_json":{"title":"Lancement de la nouvelle identit\u00e9 visuelle du CIRAIG - CIRAIG","robots":{"index":"index","follow":"follow","max-snippet":"max-snippet:-1","max-image-preview":"max-image-preview:large","max-video-preview":"max-video-preview:-1"},"canonical":"https:\/\/ciraig.org\/index.php\/fr\/actualites\/lancement-de-la-nouvelle-identite-visuelle-du-ciraig\/","og_locale":"en_US","og_type":"article","og_title":"Lancement de la nouvelle identit\u00e9 visuelle du CIRAIG - CIRAIG","og_description":"Montr\u00e9al, QC Vent de changement au CIRAIG, qui lance officiellement aujourd\u2019hui sa nouvelle identit\u00e9 visuelle! Fruit de plusieurs mois de r\u00e9flexion et de travail, cette nouvelle image offre au CIRAIG une identit\u00e9 en phase avec son renouveau, sa modernit\u00e9 et son dynamisme.&nbsp; Le CIRAIG, bien que conservant les m\u00eames initiales, change de nom pour devenir [&hellip;]","og_url":"https:\/\/ciraig.org\/index.php\/fr\/actualites\/lancement-de-la-nouvelle-identite-visuelle-du-ciraig\/","og_site_name":"CIRAIG","article_publisher":"https:\/\/www.facebook.com\/CIRAIG\/","article_published_time":"2022-10-04T12:12:48+00:00","article_modified_time":"2022-10-05T18:08:54+00:00","og_image":[{"width":1200,"height":627,"url":"https:\/\/ciraig.org\/wp-content\/uploads\/CIRAIG_NVID_Open-Graph-4.png","type":"image\/png"}],"author":"Communication Committee","twitter_card":"summary_large_image","twitter_creator":"@ciraig","twitter_site":"@ciraig","twitter_misc":{"Written by":"Communication Committee","Est. reading time":"3 minutes"},"schema":{"@context":"https:\/\/schema.org","@graph":[{"@type":"Article","@id":"https:\/\/ciraig.org\/index.php\/fr\/actualites\/lancement-de-la-nouvelle-identite-visuelle-du-ciraig\/#article","isPartOf":{"@id":"https:\/\/ciraig.org\/index.php\/fr\/actualites\/lancement-de-la-nouvelle-identite-visuelle-du-ciraig\/"},"author":{"name":"Communication Committee","@id":"https:\/\/ciraig.org\/#\/schema\/person\/b971e5c691da712ff58e13cef67f5030"},"headline":"Lancement de la nouvelle identit\u00e9 visuelle du CIRAIG","datePublished":"2022-10-04T12:12:48+00:00","dateModified":"2022-10-05T18:08:54+00:00","mainEntityOfPage":{"@id":"https:\/\/ciraig.org\/index.php\/fr\/actualites\/lancement-de-la-nouvelle-identite-visuelle-du-ciraig\/"},"wordCount":530,"commentCount":0,"publisher":{"@id":"https:\/\/ciraig.org\/#organization"},"image":{"@id":"https:\/\/ciraig.org\/index.php\/fr\/actualites\/lancement-de-la-nouvelle-identite-visuelle-du-ciraig\/#primaryimage"},"thumbnailUrl":"https:\/\/ciraig.org\/wp-content\/uploads\/CIRAIG_NVID_Open-Graph-4.png","articleSection":["Actualit\u00e9s"],"inLanguage":"en-CA","potentialAction":[{"@type":"CommentAction","name":"Comment","target":["https:\/\/ciraig.org\/index.php\/fr\/actualites\/lancement-de-la-nouvelle-identite-visuelle-du-ciraig\/#respond"]}]},{"@type":"WebPage","@id":"https:\/\/ciraig.org\/index.php\/fr\/actualites\/lancement-de-la-nouvelle-identite-visuelle-du-ciraig\/","url":"https:\/\/ciraig.org\/index.php\/fr\/actualites\/lancement-de-la-nouvelle-identite-visuelle-du-ciraig\/","name":"Lancement de la nouvelle identit\u00e9 visuelle du CIRAIG - CIRAIG","isPartOf":{"@id":"https:\/\/ciraig.org\/#website"},"primaryImageOfPage":{"@id":"https:\/\/ciraig.org\/index.php\/fr\/actualites\/lancement-de-la-nouvelle-identite-visuelle-du-ciraig\/#primaryimage"},"image":{"@id":"https:\/\/ciraig.org\/index.php\/fr\/actualites\/lancement-de-la-nouvelle-identite-visuelle-du-ciraig\/#primaryimage"},"thumbnailUrl":"https:\/\/ciraig.org\/wp-content\/uploads\/CIRAIG_NVID_Open-Graph-4.png","datePublished":"2022-10-04T12:12:48+00:00","dateModified":"2022-10-05T18:08:54+00:00","breadcrumb":{"@id":"https:\/\/ciraig.org\/index.php\/fr\/actualites\/lancement-de-la-nouvelle-identite-visuelle-du-ciraig\/#breadcrumb"},"inLanguage":"en-CA","potentialAction":[{"@type":"ReadAction","target":["https:\/\/ciraig.org\/index.php\/fr\/actualites\/lancement-de-la-nouvelle-identite-visuelle-du-ciraig\/"]}]},{"@type":"ImageObject","inLanguage":"en-CA","@id":"https:\/\/ciraig.org\/index.php\/fr\/actualites\/lancement-de-la-nouvelle-identite-visuelle-du-ciraig\/#primaryimage","url":"https:\/\/ciraig.org\/wp-content\/uploads\/CIRAIG_NVID_Open-Graph-4.png","contentUrl":"https:\/\/ciraig.org\/wp-content\/uploads\/CIRAIG_NVID_Open-Graph-4.png","width":1200,"height":627,"caption":"CIRAIG"},{"@type":"BreadcrumbList","@id":"https:\/\/ciraig.org\/index.php\/fr\/actualites\/lancement-de-la-nouvelle-identite-visuelle-du-ciraig\/#breadcrumb","itemListElement":[{"@type":"ListItem","position":1,"name":"Home","item":"https:\/\/ciraig.org\/"},{"@type":"ListItem","position":2,"name":"Actualit\u00e9s","item":"https:\/\/ciraig.org\/index.php\/fr\/category\/actualites\/"},{"@type":"ListItem","position":3,"name":"Lancement de la nouvelle identit\u00e9 visuelle du CIRAIG"}]},{"@type":"WebSite","@id":"https:\/\/ciraig.org\/#website","url":"https:\/\/ciraig.org\/","name":"CIRAIG","description":"Shaping and implementing metrics for sustainability","publisher":{"@id":"https:\/\/ciraig.org\/#organization"},"potentialAction":[{"@type":"SearchAction","target":{"@type":"EntryPoint","urlTemplate":"https:\/\/ciraig.org\/?s={search_term_string}"},"query-input":{"@type":"PropertyValueSpecification","valueRequired":true,"valueName":"search_term_string"}}],"inLanguage":"en-CA"},{"@type":"Organization","@id":"https:\/\/ciraig.org\/#organization","name":"CIRAIG","url":"https:\/\/ciraig.org\/","logo":{"@type":"ImageObject","inLanguage":"en-CA","@id":"https:\/\/ciraig.org\/#\/schema\/logo\/image\/","url":"https:\/\/ciraig.org\/wp-content\/uploads\/CIRAIG_NVID_logo_RGB_no-tagline.png","contentUrl":"https:\/\/ciraig.org\/wp-content\/uploads\/CIRAIG_NVID_logo_RGB_no-tagline.png","width":2722,"height":1547,"caption":"CIRAIG"},"image":{"@id":"https:\/\/ciraig.org\/#\/schema\/logo\/image\/"},"sameAs":["https:\/\/www.facebook.com\/CIRAIG\/","https:\/\/x.com\/ciraig","https:\/\/www.linkedin.com\/company\/ciraig\/"]},{"@type":"Person","@id":"https:\/\/ciraig.org\/#\/schema\/person\/b971e5c691da712ff58e13cef67f5030","name":"Communication Committee","image":{"@type":"ImageObject","inLanguage":"en-CA","@id":"https:\/\/secure.gravatar.com\/avatar\/5815e3158465757e9c5c455758a6647c117d971379c0b28619d62ce088993e8b?s=96&d=mm&r=g","url":"https:\/\/secure.gravatar.com\/avatar\/5815e3158465757e9c5c455758a6647c117d971379c0b28619d62ce088993e8b?s=96&d=mm&r=g","contentUrl":"https:\/\/secure.gravatar.com\/avatar\/5815e3158465757e9c5c455758a6647c117d971379c0b28619d62ce088993e8b?s=96&d=mm&r=g","caption":"Communication Committee"}}]}},"_links":{"self":[{"href":"https:\/\/ciraig.org\/index.php\/wp-json\/wp\/v2\/posts\/9828","targetHints":{"allow":["GET"]}}],"collection":[{"href":"https:\/\/ciraig.org\/index.php\/wp-json\/wp\/v2\/posts"}],"about":[{"href":"https:\/\/ciraig.org\/index.php\/wp-json\/wp\/v2\/types\/post"}],"author":[{"embeddable":true,"href":"https:\/\/ciraig.org\/index.php\/wp-json\/wp\/v2\/users\/16"}],"replies":[{"embeddable":true,"href":"https:\/\/ciraig.org\/index.php\/wp-json\/wp\/v2\/comments?post=9828"}],"version-history":[{"count":24,"href":"https:\/\/ciraig.org\/index.php\/wp-json\/wp\/v2\/posts\/9828\/revisions"}],"predecessor-version":[{"id":10138,"href":"https:\/\/ciraig.org\/index.php\/wp-json\/wp\/v2\/posts\/9828\/revisions\/10138"}],"wp:featuredmedia":[{"embeddable":true,"href":"https:\/\/ciraig.org\/index.php\/wp-json\/wp\/v2\/media\/9804"}],"wp:attachment":[{"href":"https:\/\/ciraig.org\/index.php\/wp-json\/wp\/v2\/media?parent=9828"}],"wp:term":[{"taxonomy":"category","embeddable":true,"href":"https:\/\/ciraig.org\/index.php\/wp-json\/wp\/v2\/categories?post=9828"},{"taxonomy":"post_tag","embeddable":true,"href":"https:\/\/ciraig.org\/index.php\/wp-json\/wp\/v2\/tags?post=9828"}],"curies":[{"name":"wp","href":"https:\/\/api.w.org\/{rel}","templated":true}]}}